{"id":98,"date":"2016-10-14T22:00:00","date_gmt":"2016-10-14T22:00:00","guid":{"rendered":""},"modified":"2016-10-14T22:00:00","modified_gmt":"2016-10-14T22:00:00","slug":"","status":"publish","type":"post","link":"https:\/\/zbl.lzmk.hr\/?p=98","title":{"rendered":"GRANER, Hinko (Heinrich)"},"content":{"rendered":"<p class=\"Normal\"><span class=\"Bold\">GRANER, Hinko (Heinrich),<\/span> gospodarstvenik (\u010cakovec, 4. I. 1884 \u2013 \u010cakovec, 19. VIII. 1936). Brat Moritza i Maksa, suprug Malvine ro\u0111. Bachrach iz \u010cakovca te otac Miroslava (Budimpe\u0161ta, 14. IX. 1911 \u2013 ?). \u010clanovi obitelji su bili zna\u010dajni dioni\u010dari u mnogim \u010dakove\u010dkim tvrtkama, a bavili su se i poslovima osiguranja imovine. U Belici je s bra\u0107om osnovao 1912. ciglanu. Potkraj 1922. u \u010cakovcu su zavr\u0161ili opremanje tvornice vezica i vrpci, u kojoj je proizvodnja zapo\u010dela u sije\u010dnju 1923. Idu\u0107e su god. pokrenuli tvornicu \u010darapa \u00bbBra\u0107a Graner\u00ab te zaposlili jo\u0161 osamdesetak radnika, a 1929. iz Njema\u010dke su nabavili najmodernije strojeve za proizvodnju \u00bbcotton\u00ab \u010darapa. Njihova tvornica prva je u tada\u0161njoj Jugoslaviji proizvodila svilene \u010darape za dame te bila jedna od najve\u0107ih u srednjoj Europi. Uz to bavili su se trgovinom kolonijalnom robom te zastupanjem londonske osiguravaju\u0107e ku\u0107e \u00bbGresham\u00ab. Po\u010d. 1933. u tvrtku su investirali i bra\u0107a Aleksandar, Josip i Ako\u0161 Tessler, koji su razvili proizvodnju trikota\u017ee, vezica i vrpci. Nakon smrti bra\u0107e, H. je preuzeo obiteljske udjele u tvornicama, koje je u suvlasni\u0161tvu uo\u010di II. svj. rata naslijedio Miroslav. Nakon \u0161to je na nepoznati na\u010din pre\u017eivio II. svj. rat, vlasti su mu 1946. konfiscirale suvlasni\u010dki udio u tvornici. \u2013 Brat <span class=\"Italic\">Moritz<\/span> <span class=\"Italic\">(Mavro), <\/span>poduzetnik (Rabahidv\u00e9g, Ma\u0111arska, 1854 \u2013 Be\u010d, 27. VIII. 1925) bio je suosniva\u010d i \u010dlan ravnateljstva Me\u0111imurske \u0161tedionice (osn. u \u010cakovcu 1881). Umro je u sanatoriju u Be\u010du, a pokopan je na \u017didovskom groblju u \u010cakovcu. \u2013 Brat <span class=\"Italic\">Makso<\/span> (Rabahidv\u00e9g, Ma\u0111arska, 1851 \u2013 \u010cakovec, 28. VIII. 1919) bio je u braku s Cornelijom ro\u0111. Kohn (?, 1862 \u2013 ?, 1932).<\/p>\n<p class=\"Literatura\"><span class=\"SMALL-CAPS\">IZV.:<\/span> HDA, ZUND, 31544\/45, 21388\/46.<\/p>\n<p class=\"Literatura\"><span class=\"SMALL-CAPS\">LIT.:<\/span> (Nekrolog). Vara\u017edinske novosti, 15(1925), 6. IX. \u2013 <span class=\"Italic\">Me\u0111imurska trikota\u017ea \u010cakovec 1923\u20131973<\/span>. \u010cakovec 1973. \u2013 V. Kal\u0161an: <span class=\"Italic\">Gra\u0111ansko dru\u0161tvo u Me\u0111imurju<\/span>. \u010cakovec 2000. \u2013 Isti: <span class=\"Italic\">\u017didovi u Me\u0111imurju <\/span>(katalog izlo\u017ebe). \u010cakovec 2006. \u2013 J. i V. Kal\u0161an: <span class=\"Italic\">Graner, Heinrich Hinko. <\/span>Me\u0111imurski biografski leksikon.<span class=\"Italic\"> <\/span>\u010cakovec 2012.<\/p>\n","protected":false},"excerpt":{"rendered":"<p>GRANER, Hinko (Heinrich), gospodarstvenik (\u010cakovec, 4. I. 1884 \u2013 \u010cakovec, 19. VIII. 1936). Brat Moritza i Maksa, suprug Malvine ro\u0111. Bachrach iz \u010cakovca te otac Miroslava (Budimpe\u0161ta, 14. IX. 1911 \u2013 ?). \u010clanovi obitelji su bili zna\u010dajni dioni\u010dari u mnogim \u010dakove\u010dkim tvrtkama, a bavili su se i poslovima osiguranja imovine. U Belici je s bra\u0107om &hellip; <a href=\"https:\/\/zbl.lzmk.hr\/?p=98\" class=\"more-link\">Nastavi \u010ditati<span class=\"screen-reader-text\"> &#8220;GRANER, Hinko (Heinrich)&#8221;<\/span><\/a><\/p>\n","protected":false},"author":2,"featured_media":0,"comment_status":"closed","ping_status":"open","sticky":false,"template":"","format":"standard","meta":{"footnotes":""},"categories":[7],"tags":[],"class_list":["post-98","post","type-post","status-publish","format-standard","hentry","category-7"],"_links":{"self":[{"href":"https:\/\/zbl.lzmk.hr\/index.php?rest_route=\/wp\/v2\/posts\/98"}],"collection":[{"href":"https:\/\/zbl.lzmk.hr\/index.php?rest_route=\/wp\/v2\/posts"}],"about":[{"href":"https:\/\/zbl.lzmk.hr\/index.php?rest_route=\/wp\/v2\/types\/post"}],"author":[{"embeddable":true,"href":"https:\/\/zbl.lzmk.hr\/index.php?rest_route=\/wp\/v2\/users\/2"}],"replies":[{"embeddable":true,"href":"https:\/\/zbl.lzmk.hr\/index.php?rest_route=%2Fwp%2Fv2%2Fcomments&post=98"}],"version-history":[{"count":0,"href":"https:\/\/zbl.lzmk.hr\/index.php?rest_route=\/wp\/v2\/posts\/98\/revisions"}],"wp:attachment":[{"href":"https:\/\/zbl.lzmk.hr\/index.php?rest_route=%2Fwp%2Fv2%2Fmedia&parent=98"}],"wp:term":[{"taxonomy":"category","embeddable":true,"href":"https:\/\/zbl.lzmk.hr\/index.php?rest_route=%2Fwp%2Fv2%2Fcategories&post=98"},{"taxonomy":"post_tag","embeddable":true,"href":"https:\/\/zbl.lzmk.hr\/index.php?rest_route=%2Fwp%2Fv2%2Ftags&post=98"}],"curies":[{"name":"wp","href":"https:\/\/api.w.org\/{rel}","templated":true}]}}