{"id":936,"date":"2016-10-14T22:00:00","date_gmt":"2016-10-14T22:00:00","guid":{"rendered":""},"modified":"2016-10-14T22:00:00","modified_gmt":"2016-10-14T22:00:00","slug":"","status":"publish","type":"post","link":"https:\/\/zbl.lzmk.hr\/?p=936","title":{"rendered":"BAUER, Marko"},"content":{"rendered":"<p class=\"Normal\"><span class=\"Bold\">BAUER, Marko,<\/span> pravnik, ekonomist i \u017eid. aktivist (Bocska kraj Nagykanizse, Ma\u0111arska, 8. XI. 1885 \u2013 Zagreb, 27. XI. 1965). Sin trgovca Adolfa Nathana i Katarine ro\u0111. Neuwirth. Gimnaziju je zavr\u0161io 1905. u Osijeku, a pravni studij u Be\u010du. U Zagrebu je radio kao urednik gospodarske rubrike lista <span class=\"Italic\">Agramer Tagblatt <\/span>(1909\u201318) i gl. tajnik Zemaljskoga saveza industrijalaca (poslije Industrijska komora, 1918\u201341). Tako\u0111er bio potpredsjednik (od 1922), potom predsj. Sredi\u0161njega ureda za osiguranje radnika i Jugoslavenske bolesni\u010dke blagajne te \u010dlan upravnih odbora i dioni\u010dar vi\u0161e dioni\u010dkih dru\u0161tava (Hrvatska banka d. d., Hrvatska rudarska industrija d. d., Pamu\u010dna industrija d. d., Jugoslavenska tekstilna tvornica \u00bbBra\u0107a Holzner\u00ab d. d., Prva hrvatska tvornica ulja, Zagreba\u010dka pivovara i tvornice slada i dr.). Kao istaknuti stru\u010dnjak sudjelovao u izradbi Zakona o osiguranju radnika te na prvoj konferenciji Me\u0111unarodnoga ureda rada u Washingtonu (1919). Osobito se anga\u017eirao u cionisti\u010dkim udrugama kao predsj. Keren Kajemeta za Zagreb, potpredsjednik Udru\u017eenja op\u0107ih cionista u Jugoslaviji i \u010dlan \u00bbLo\u017ee Zagreb 1090\u00ab nezavisnoga \u017eid. reda <span class=\"Italic\">Bnei Brit,<\/span> a 1920-ih je na \u017eid. listi bio izabran za gradskoga zastupnika u Zagrebu. Premda je jo\u0161 1913. pre\u0161ao na katoli\u010danstvo, nakon uspostave NDH morao je napustiti sve gospodarske funkcije, prijaviti imetak i preuzeti \u017eid. znak, no zbog mje\u0161ovita braka s Bertom ro\u0111. Uhlir nije dalje proganjan. Objavio je <span class=\"Italic\">Izvje\u0161taj o gospodarskom stanju u Srbiji <\/span>(1919), <span class=\"Italic\">Izvje\u0161taj o tre\u0107em kongresu Me\u0111unarodne trgova\u010dke komore u Bruxellesu <\/span>(Zagreb 1925; suautor A. Cuvaj) te je s Milanom Glazerom uredio zbornik <span class=\"Italic\">Sredi\u0161nji ured za osiguranje radnika u Zagrebu 1922\u20131926.<\/span> (Zagreb 1928). Prilozima iz kulture sura\u0111ivao je u<span class=\"Italic\"> Agramer Tagblattu<\/span> (1910\u201311, 1917), dok je \u010dlanke iz podru\u010dja ekonomske problematike i socijalnog zakonodavstva objavljivao u periodi\u010dnim publikacijama: <span class=\"Italic\">Jutarnji list<\/span> (1920, 1924), <span class=\"Italic\">Zagreber Tagblatt<\/span> (1923), <span class=\"Italic\">Trgovinski glasnik<\/span> (1923), <span class=\"Italic\">Trgovinski list<\/span> (1923), <span class=\"Italic\">Bankarstvo <\/span>(1925), <span class=\"Italic\">Slobodna tribuna<\/span> (1923), <span class=\"Italic\">Trgovski list<\/span> (1922), <span class=\"Italic\">Obzor<\/span> (1928), <span class=\"Italic\">Rije\u010d<\/span> (1921, 1923), <span class=\"Italic\">Jugoslavenska Njiva<\/span> (1924) i dr. Sura\u0111ivao je i u <span class=\"Italic\">\u017didovskoj smotri<\/span> (1909, 1911) te u glasilima <span class=\"Italic\">Hanoar<\/span> (1931\u201332), <span class=\"Italic\">Jevrejski glas<\/span> (1934), <span class=\"Italic\">\u017didov<\/span> (1936\u201337). Potpisivao se pseudonimima <span class=\"Italic\">or.<\/span> i <span class=\"Italic\">mb.<\/span><\/p>\n<p class=\"Literatura\"><span class=\"SMALL-CAPS\">IZV.:<\/span> HDA, Ponova, Prijava imetka, kut. 660. \u2013 HDA, RUR, \u017didovski odsjek, 27904.<\/p>\n<p class=\"Literatura\"><span class=\"SMALL-CAPS\">LIT.:<\/span> <span class=\"Italic\">Predavanje dra Marka Bauera \u2013 Izbor novog cionisti\u010dkog vodstva<\/span>. \u017didov, 16(1932) 22. \u2013 <span class=\"Italic\">Bauer, Marko<\/span>. Hrvatski biografski leksikon, 1. Zagreb 1983.  \u2013 <span class=\"Italic\">Gimnazije u Osijeku. Ravnatelji, profesori i maturanti 1729.\u20132000<\/span>. Zagreb\u2013Osijek 2001. \u2013 I. Goldstein: <span class=\"Italic\">\u017didovi u Zagrebu 1918\u20131941<\/span>. Zagreb 2004.<\/p>\n","protected":false},"excerpt":{"rendered":"<p>BAUER, Marko, pravnik, ekonomist i \u017eid. aktivist (Bocska kraj Nagykanizse, Ma\u0111arska, 8. XI. 1885 \u2013 Zagreb, 27. XI. 1965). Sin trgovca Adolfa Nathana i Katarine ro\u0111. Neuwirth. Gimnaziju je zavr\u0161io 1905. u Osijeku, a pravni studij u Be\u010du. U Zagrebu je radio kao urednik gospodarske rubrike lista Agramer Tagblatt (1909\u201318) i gl. tajnik Zemaljskoga saveza &hellip; <a href=\"https:\/\/zbl.lzmk.hr\/?p=936\" class=\"more-link\">Nastavi \u010ditati<span class=\"screen-reader-text\"> &#8220;BAUER, Marko&#8221;<\/span><\/a><\/p>\n","protected":false},"author":2,"featured_media":0,"comment_status":"closed","ping_status":"open","sticky":false,"template":"","format":"standard","meta":{"footnotes":""},"categories":[2],"tags":[],"class_list":["post-936","post","type-post","status-publish","format-standard","hentry","category-2"],"_links":{"self":[{"href":"https:\/\/zbl.lzmk.hr\/index.php?rest_route=\/wp\/v2\/posts\/936"}],"collection":[{"href":"https:\/\/zbl.lzmk.hr\/index.php?rest_route=\/wp\/v2\/posts"}],"about":[{"href":"https:\/\/zbl.lzmk.hr\/index.php?rest_route=\/wp\/v2\/types\/post"}],"author":[{"embeddable":true,"href":"https:\/\/zbl.lzmk.hr\/index.php?rest_route=\/wp\/v2\/users\/2"}],"replies":[{"embeddable":true,"href":"https:\/\/zbl.lzmk.hr\/index.php?rest_route=%2Fwp%2Fv2%2Fcomments&post=936"}],"version-history":[{"count":0,"href":"https:\/\/zbl.lzmk.hr\/index.php?rest_route=\/wp\/v2\/posts\/936\/revisions"}],"wp:attachment":[{"href":"https:\/\/zbl.lzmk.hr\/index.php?rest_route=%2Fwp%2Fv2%2Fmedia&parent=936"}],"wp:term":[{"taxonomy":"category","embeddable":true,"href":"https:\/\/zbl.lzmk.hr\/index.php?rest_route=%2Fwp%2Fv2%2Fcategories&post=936"},{"taxonomy":"post_tag","embeddable":true,"href":"https:\/\/zbl.lzmk.hr\/index.php?rest_route=%2Fwp%2Fv2%2Ftags&post=936"}],"curies":[{"name":"wp","href":"https:\/\/api.w.org\/{rel}","templated":true}]}}