{"id":925,"date":"2016-10-14T22:00:00","date_gmt":"2016-10-14T22:00:00","guid":{"rendered":""},"modified":"2016-10-14T22:00:00","modified_gmt":"2016-10-14T22:00:00","slug":"","status":"publish","type":"post","link":"https:\/\/zbl.lzmk.hr\/?p=925","title":{"rendered":"BAUER, Marija"},"content":{"rendered":"<p class=\"Normal\"><span class=\"Bold\">BAUER, Marija <\/span>(ro\u0111.<span class=\"Bold\"> Borovic<\/span>),<span class=\"Bold\"> <\/span>\u017eid. aktivistica (?Vinkovci, ? \u2013 ?, Izrael, ?). Sa suprugom, vjerojatno rodom iz Vinkovaca, prije II. svj. rata stigla je u Istanbul, gdje su razvili veletrgovinu drvom. kad su po\u010deli stizati \u017eid. izbjeglice iz Europe, s Ilikom Ofner organizirala je njihov prihvat, kao i pomo\u0107 zato\u010denicima u nacisti\u010dkim logorima. Svakodnevno je na suku u Istanbulu nabavljala kutije, hranu i duhan, koje je slala jugoslav. ratnim zarobljenicima u njem. logore (bilo je dozvoljeno 100 paketa mjese\u010dno) gdje je bio i njezin zet Maks Frank; k\u0107i i unuk Fe\u0111a ostali su u Hrvatskoj i stradali. Bila je skuplja\u010dica i prodava\u010dica starina, namje\u0161taja, slika i filatelije. U svim krugovima istanbulskoga dru\u0161tva bila je rado vi\u0111ena, a dru\u017eila se i s papinskim nuncijem monsinjorom Angelom Roncalijem (poslije papa Ivan XXIII.). Poslije je \u017eivjela u Izraelu. U rodu je s \u2192 I. Borovicem i Jelkom Ben \u0160alom ro\u0111. Borovic.<\/p>\n<p class=\"Literatura\"><span class=\"SMALL-CAPS\">IZV.:<\/span> Podaci o ulaznici B. Poli\u0107<\/p>\n<p class=\"Literatura\"><span class=\"SMALL-CAPS\">LIT.:<\/span> D. Mihalek: Odjeci hrvatske muzi\u010dke kulture u Izraelu. U: <span class=\"Italic\">Glazba, folklor i kultura \u2013 Sve\u010dani zbornik za Jerka Bezi\u0107a<\/span>. Zagreb 1999. \u2013 I. i S. Goldstein: <span class=\"Italic\">Holokaust u Zagrebu<\/span>. Zagreb 2001. \u2013 T. \u0160ali\u0107: <span class=\"Italic\">\u017didovi u Vinkovcima i okolici<\/span>. Osijek\u2013Zagreb 2002. <\/p>\n","protected":false},"excerpt":{"rendered":"<p>BAUER, Marija (ro\u0111. Borovic), \u017eid. aktivistica (?Vinkovci, ? \u2013 ?, Izrael, ?). Sa suprugom, vjerojatno rodom iz Vinkovaca, prije II. svj. rata stigla je u Istanbul, gdje su razvili veletrgovinu drvom. kad su po\u010deli stizati \u017eid. izbjeglice iz Europe, s Ilikom Ofner organizirala je njihov prihvat, kao i pomo\u0107 zato\u010denicima u nacisti\u010dkim logorima. Svakodnevno je &hellip; <a href=\"https:\/\/zbl.lzmk.hr\/?p=925\" class=\"more-link\">Nastavi \u010ditati<span class=\"screen-reader-text\"> &#8220;BAUER, Marija&#8221;<\/span><\/a><\/p>\n","protected":false},"author":2,"featured_media":0,"comment_status":"closed","ping_status":"open","sticky":false,"template":"","format":"standard","meta":{"footnotes":""},"categories":[2],"tags":[],"class_list":["post-925","post","type-post","status-publish","format-standard","hentry","category-2"],"_links":{"self":[{"href":"https:\/\/zbl.lzmk.hr\/index.php?rest_route=\/wp\/v2\/posts\/925"}],"collection":[{"href":"https:\/\/zbl.lzmk.hr\/index.php?rest_route=\/wp\/v2\/posts"}],"about":[{"href":"https:\/\/zbl.lzmk.hr\/index.php?rest_route=\/wp\/v2\/types\/post"}],"author":[{"embeddable":true,"href":"https:\/\/zbl.lzmk.hr\/index.php?rest_route=\/wp\/v2\/users\/2"}],"replies":[{"embeddable":true,"href":"https:\/\/zbl.lzmk.hr\/index.php?rest_route=%2Fwp%2Fv2%2Fcomments&post=925"}],"version-history":[{"count":0,"href":"https:\/\/zbl.lzmk.hr\/index.php?rest_route=\/wp\/v2\/posts\/925\/revisions"}],"wp:attachment":[{"href":"https:\/\/zbl.lzmk.hr\/index.php?rest_route=%2Fwp%2Fv2%2Fmedia&parent=925"}],"wp:term":[{"taxonomy":"category","embeddable":true,"href":"https:\/\/zbl.lzmk.hr\/index.php?rest_route=%2Fwp%2Fv2%2Fcategories&post=925"},{"taxonomy":"post_tag","embeddable":true,"href":"https:\/\/zbl.lzmk.hr\/index.php?rest_route=%2Fwp%2Fv2%2Ftags&post=925"}],"curies":[{"name":"wp","href":"https:\/\/api.w.org\/{rel}","templated":true}]}}