{"id":880,"date":"2016-10-14T22:00:00","date_gmt":"2016-10-14T22:00:00","guid":{"rendered":""},"modified":"2016-10-14T22:00:00","modified_gmt":"2016-10-14T22:00:00","slug":"","status":"publish","type":"post","link":"https:\/\/zbl.lzmk.hr\/?p=880","title":{"rendered":"BAUER, Kornel (Kolja)"},"content":{"rendered":"<p class=\"Normal\"><span class=\"Bold\">BAUER, Kornel (Kolja), <\/span>farmaceut (Osijek, 30. XII. 1912 \u2013 ?, Crna Gora, V. ili VI. 1943). Sin tapetarskoga obrtnika Alberta (?Osijek, 1884 \u2013 Osijek, 1960) i Franciske ro\u0111. Fischer iz okolice \u010cepina. Studirao je farmaciju u Zagrebu te u prolje\u0107e 1941. radio kao asistent volonter u ljekarni \u00bbFrank\u00ab u Osijeku. Po uspostavi NDH, u prijavi imovine 30. VI. 1941, naveo da je apsolvent farmacije. Uspio je prebje\u0107i u tal. okupacijsku zonu te radio u ljekarni u Kraljevici. U o\u017eujku 1943. priklju\u010dio se partizanima. Bio je me\u0111u potpisnicima proglasa sudionika Prvog kongresa partizanskih lije\u010dnika u Petrovcu, voditelj ljekarne Li\u010dkoga vojnog podru\u010dja te referent za ljekarni\u0161tvo 7. banijske divizije. Poginuo je u svibnju ili lipnju 1943. u Crnoj Gori u borbi s \u010detnicima u 5. neprijateljskoj ofenzivi. Ime mu je upisano na spomen-plo\u010di u Vojnomedicinskoj akademiji u Beogradu.<\/p>\n<p class=\"Literatura\"><span class=\"SMALL-CAPS\">IZV.:<\/span> HDA, Ponova, Prijava imetka, kut. 628. \u2013 \u017didovsko groblje u Osijeku.<\/p>\n<p class=\"Literatura\"><span class=\"SMALL-CAPS\">LIT.:<\/span> A. Mirkovi\u0107:<span class=\"Italic\"> Farmaceuti Jevreji \u2013 \u017ertve fa\u0161izma. <\/span>Jevrejski almanah,<span class=\"Italic\"> <\/span>1961\u20131962<span class=\"Italic\">. \u2013 <\/span>J. Romano: <span class=\"Italic\">Jevreji Jugoslavije 1941\u20131945. \u017drtve genocida i u\u010desnici narodnooslobodila\u010dkog rata. <\/span>Beograd 1980.<\/p>\n","protected":false},"excerpt":{"rendered":"<p>BAUER, Kornel (Kolja), farmaceut (Osijek, 30. XII. 1912 \u2013 ?, Crna Gora, V. ili VI. 1943). Sin tapetarskoga obrtnika Alberta (?Osijek, 1884 \u2013 Osijek, 1960) i Franciske ro\u0111. Fischer iz okolice \u010cepina. Studirao je farmaciju u Zagrebu te u prolje\u0107e 1941. radio kao asistent volonter u ljekarni \u00bbFrank\u00ab u Osijeku. Po uspostavi NDH, u prijavi &hellip; <a href=\"https:\/\/zbl.lzmk.hr\/?p=880\" class=\"more-link\">Nastavi \u010ditati<span class=\"screen-reader-text\"> &#8220;BAUER, Kornel (Kolja)&#8221;<\/span><\/a><\/p>\n","protected":false},"author":2,"featured_media":0,"comment_status":"closed","ping_status":"open","sticky":false,"template":"","format":"standard","meta":{"footnotes":""},"categories":[2],"tags":[],"class_list":["post-880","post","type-post","status-publish","format-standard","hentry","category-2"],"_links":{"self":[{"href":"https:\/\/zbl.lzmk.hr\/index.php?rest_route=\/wp\/v2\/posts\/880"}],"collection":[{"href":"https:\/\/zbl.lzmk.hr\/index.php?rest_route=\/wp\/v2\/posts"}],"about":[{"href":"https:\/\/zbl.lzmk.hr\/index.php?rest_route=\/wp\/v2\/types\/post"}],"author":[{"embeddable":true,"href":"https:\/\/zbl.lzmk.hr\/index.php?rest_route=\/wp\/v2\/users\/2"}],"replies":[{"embeddable":true,"href":"https:\/\/zbl.lzmk.hr\/index.php?rest_route=%2Fwp%2Fv2%2Fcomments&post=880"}],"version-history":[{"count":0,"href":"https:\/\/zbl.lzmk.hr\/index.php?rest_route=\/wp\/v2\/posts\/880\/revisions"}],"wp:attachment":[{"href":"https:\/\/zbl.lzmk.hr\/index.php?rest_route=%2Fwp%2Fv2%2Fmedia&parent=880"}],"wp:term":[{"taxonomy":"category","embeddable":true,"href":"https:\/\/zbl.lzmk.hr\/index.php?rest_route=%2Fwp%2Fv2%2Fcategories&post=880"},{"taxonomy":"post_tag","embeddable":true,"href":"https:\/\/zbl.lzmk.hr\/index.php?rest_route=%2Fwp%2Fv2%2Ftags&post=880"}],"curies":[{"name":"wp","href":"https:\/\/api.w.org\/{rel}","templated":true}]}}