{"id":758,"date":"2016-10-14T22:00:00","date_gmt":"2016-10-14T22:00:00","guid":{"rendered":""},"modified":"2017-11-29T13:03:33","modified_gmt":"2017-11-29T12:03:33","slug":"basch-salamon","status":"publish","type":"post","link":"https:\/\/zbl.lzmk.hr\/?p=758","title":{"rendered":"BASCH, Salamon"},"content":{"rendered":"<p class=\"Normal\"><span class=\"Bold\">BASCH, Salamon,<\/span> obrtnik (Gy\u00f6rgy, Rumunjska, 1907 \u2013 logor Jasenovac, 1944 ili 1945). Sin Jakobov. U me\u0111uratnom razdoblju bio je vlasnik kemijske \u010distionice u Savskoj cesti u Zagrebu. Po uspostavi NDH, sa suprugom Silvijom ro\u0111. Deutsch (Ludbreg, 1915 \u2212 logor \u0110akovo, 1942), k\u0107eri rabina \u2192 Josipa Leopolda Deutscha i Katarine ro\u0111. Adler, i djecom Zdravkom (Zagreb, 21. I. 1941 \u2013 Ludbreg, 1946) i Teodorom Rahelom Klayman (Zagreb, 31. I. 1938), preuzeo je \u017eid. znak. Ubrzo je bio uhi\u0107en i sa suprugom deportiran u Gospi\u0107, potom na Pag te u jasenova\u010dki logor Bro\u010dice. \u010cini se da je u studenom 1941. preseljen u sredi\u0161nji jasenova\u010dki logor Ciglanu. Iz \u017dOZ su mu u velja\u010di 1942. stigla dva paketa te se pretpostavlja da je tada jo\u0161 bio \u017eiv. Prema nekim izvorima ubijen prilikom poku\u0161aja bijega iz Jasenovca 1944, a prema drugima pre\u017eivio je sve do 1945. Uo\u010di deportacije supruga je poslala djecu u Ludbreg sestri Gizeli (Gizi) (Gab\u010d\u00edkovo, Slova\u010dka, 21. VII. 1895 \u2013 ?Auschwitz, 1943\u20131945), koja je bila udana za Ljudevita Vran\u010di\u0107a, ravnatelja banke i \u0161tedionice u Ludbregu. Vran\u010di\u0107 je zbog veza s partizanima uhi\u0107en i deportiran u logor Jasenovac, gdje je dr\u017ean godinu dana, a za njegova izbivanja Gizela je, unato\u010d mje\u0161ovitomu braku deportirana u neki od njem. logora, vjerojatno Auschwitz, gdje je stradala. Kako se Salamonova djeca nisu vodila u slu\u017ebenim popisima ludbre\u0161kih \u017didova, nitko ih nije prijavio vlastima te su ih \u010duvali susjedi. Nakon II. svj. rata usvojio ih je Vran\u010di\u0107. Zdravko je 1946. preminuo od posljedica \u0161arlaha, a Teodora je 1957. oti\u0161la na \u0161kolovanje u \u0160vicarsku, gdje se udala za amer. \u017didova Daniela Klaymana s kojim \u017eivi u SAD.<\/p>\n<p class=\"Literatura\"><span class=\"SMALL-CAPS\">IZV.:<\/span> HDA, Ponova, Prijava imetka, kut. 624. \u2013 Kartoteka Jasenovac. \u2013 K\u017dZ.<\/p>\n<p class=\"Literatura\"><span class=\"SMALL-CAPS\">LIT.:<\/span> T. \u017dugi\u0107 i M. Mili\u0107: <span class=\"Italic\">\u017didovi u koncentracionom logoru Au\u0161vic 1941\u20131945. <\/span>Beograd 1989. \u2013 M. \u0160vob: <span class=\"Italic\">\u017didovi u Hrvatskoj,<\/span> 2. Zagreb 2004. \u2013 M. Dretar: <span class=\"Italic\">Holokaust u Ludbregu,<\/span> Ha-kol, 2009, 110. \u2013 <a>http:\/\/public.mzos.hr\/fgs.axd?id=10472<\/a>, pristupljeno 16. XII. 2011. \u2013 <a>http:\/\/elmundosefarad.wikidot.com\/ljudevit-vrancic<\/a>, pristupljeno 16. XII. 2011. \u2013 <a>http:\/\/www.ushmm.org\/remember\/office-of-survi vor-affairs\/survivor-volunteer\/theodora-klayman<\/a>, pristupljeno 8. V. 2013.<\/p>\n","protected":false},"excerpt":{"rendered":"<p>BASCH, Salamon, obrtnik (Gy\u00f6rgy, Rumunjska, 1907 \u2013 logor Jasenovac, 1944 ili 1945). Sin Jakobov. U me\u0111uratnom razdoblju bio je vlasnik kemijske \u010distionice u Savskoj cesti u Zagrebu. Po uspostavi NDH, sa suprugom Silvijom ro\u0111. Deutsch (Ludbreg, 1915 \u2212 logor \u0110akovo, 1942), k\u0107eri rabina \u2192 Josipa Leopolda Deutscha i Katarine ro\u0111. Adler, i djecom Zdravkom (Zagreb, &hellip; <a href=\"https:\/\/zbl.lzmk.hr\/?p=758\" class=\"more-link\">Nastavi \u010ditati<span class=\"screen-reader-text\"> &#8220;BASCH, Salamon&#8221;<\/span><\/a><\/p>\n","protected":false},"author":2,"featured_media":0,"comment_status":"closed","ping_status":"open","sticky":false,"template":"","format":"standard","meta":{"footnotes":""},"categories":[2],"tags":[],"class_list":["post-758","post","type-post","status-publish","format-standard","hentry","category-2"],"_links":{"self":[{"href":"https:\/\/zbl.lzmk.hr\/index.php?rest_route=\/wp\/v2\/posts\/758"}],"collection":[{"href":"https:\/\/zbl.lzmk.hr\/index.php?rest_route=\/wp\/v2\/posts"}],"about":[{"href":"https:\/\/zbl.lzmk.hr\/index.php?rest_route=\/wp\/v2\/types\/post"}],"author":[{"embeddable":true,"href":"https:\/\/zbl.lzmk.hr\/index.php?rest_route=\/wp\/v2\/users\/2"}],"replies":[{"embeddable":true,"href":"https:\/\/zbl.lzmk.hr\/index.php?rest_route=%2Fwp%2Fv2%2Fcomments&post=758"}],"version-history":[{"count":1,"href":"https:\/\/zbl.lzmk.hr\/index.php?rest_route=\/wp\/v2\/posts\/758\/revisions"}],"predecessor-version":[{"id":3677,"href":"https:\/\/zbl.lzmk.hr\/index.php?rest_route=\/wp\/v2\/posts\/758\/revisions\/3677"}],"wp:attachment":[{"href":"https:\/\/zbl.lzmk.hr\/index.php?rest_route=%2Fwp%2Fv2%2Fmedia&parent=758"}],"wp:term":[{"taxonomy":"category","embeddable":true,"href":"https:\/\/zbl.lzmk.hr\/index.php?rest_route=%2Fwp%2Fv2%2Fcategories&post=758"},{"taxonomy":"post_tag","embeddable":true,"href":"https:\/\/zbl.lzmk.hr\/index.php?rest_route=%2Fwp%2Fv2%2Ftags&post=758"}],"curies":[{"name":"wp","href":"https:\/\/api.w.org\/{rel}","templated":true}]}}