{"id":747,"date":"2016-10-14T22:00:00","date_gmt":"2016-10-14T22:00:00","guid":{"rendered":""},"modified":"2016-10-14T22:00:00","modified_gmt":"2016-10-14T22:00:00","slug":"","status":"publish","type":"post","link":"https:\/\/zbl.lzmk.hr\/?p=747","title":{"rendered":"BASCH, Josip (Ba\u0161)"},"content":{"rendered":"<p class=\"Normal\"><span class=\"Bold\">BASCH, Josip (Ba\u0161), <\/span>slu\u017ebenik (Zavidovi\u0107i, BiH, 25. X. 1910 \u2013 logor Jasenovac, 22. IV. 1945). Sin Jakovljev. Potje\u010de iz a\u0161kenaske obitelji, koja se u BiH doselila iz Ma\u0111arske. God. 1941. bio predmolitelj i pisar u nadrabinatu \u017dOZ. Daljnja sudbina nepoznata. \u2013 Brat <span class=\"Italic\">Arnold,<\/span> kantor (Sarajevo, 1913 \u2013 logor Jasenovac, 22. IV. 1945) u me\u0111uratnom razdoblju djelovao je u \u017dOZ. Iako je kao slu\u017ebenik op\u0107ine trebao biti za\u0161ti\u0107en, u jesen 1941. deportiran je u jasenova\u010dki logor Krapje, gdje je radio u ko\u017eari te bio \u010dlan kulturno-prosvjetne grupe koja je unutar jasenova\u010dkoga logora organizirala kulturna doga\u0111anja. Stradao je u proboju logora.<\/p>\n<p class=\"Literatura\"><span class=\"SMALL-CAPS\">IZV.:<\/span> HDA, Ponova, Prijava imetka, kut. 660. \u2013 K\u017dZ.<\/p>\n<p class=\"Literatura\"><span class=\"SMALL-CAPS\">LIT.:<\/span> I. i S. Goldstein: <span class=\"Italic\">Holokaust u Zagrebu<\/span>. Zagreb 2001. \u2013 N. Matau\u0161i\u0107: <span class=\"Italic\">Jasenovac 1941\u20131945, logor smrti i radni logor.<\/span> Zagreb\u2013Jasenovac 2003. \u2013 M. \u0160vob: <span class=\"Italic\">\u017didovi u Hrvatskoj, <\/span>2. Zagreb 2004. \u2013 E. Miller: <span class=\"Italic\">Izabran za umiranje. <\/span>Zagreb 2004.<\/p>\n","protected":false},"excerpt":{"rendered":"<p>BASCH, Josip (Ba\u0161), slu\u017ebenik (Zavidovi\u0107i, BiH, 25. X. 1910 \u2013 logor Jasenovac, 22. IV. 1945). Sin Jakovljev. Potje\u010de iz a\u0161kenaske obitelji, koja se u BiH doselila iz Ma\u0111arske. God. 1941. bio predmolitelj i pisar u nadrabinatu \u017dOZ. Daljnja sudbina nepoznata. \u2013 Brat Arnold, kantor (Sarajevo, 1913 \u2013 logor Jasenovac, 22. IV. 1945) u me\u0111uratnom razdoblju &hellip; <a href=\"https:\/\/zbl.lzmk.hr\/?p=747\" class=\"more-link\">Nastavi \u010ditati<span class=\"screen-reader-text\"> &#8220;BASCH, Josip (Ba\u0161)&#8221;<\/span><\/a><\/p>\n","protected":false},"author":2,"featured_media":0,"comment_status":"closed","ping_status":"open","sticky":false,"template":"","format":"standard","meta":{"footnotes":""},"categories":[2],"tags":[],"class_list":["post-747","post","type-post","status-publish","format-standard","hentry","category-2"],"_links":{"self":[{"href":"https:\/\/zbl.lzmk.hr\/index.php?rest_route=\/wp\/v2\/posts\/747"}],"collection":[{"href":"https:\/\/zbl.lzmk.hr\/index.php?rest_route=\/wp\/v2\/posts"}],"about":[{"href":"https:\/\/zbl.lzmk.hr\/index.php?rest_route=\/wp\/v2\/types\/post"}],"author":[{"embeddable":true,"href":"https:\/\/zbl.lzmk.hr\/index.php?rest_route=\/wp\/v2\/users\/2"}],"replies":[{"embeddable":true,"href":"https:\/\/zbl.lzmk.hr\/index.php?rest_route=%2Fwp%2Fv2%2Fcomments&post=747"}],"version-history":[{"count":0,"href":"https:\/\/zbl.lzmk.hr\/index.php?rest_route=\/wp\/v2\/posts\/747\/revisions"}],"wp:attachment":[{"href":"https:\/\/zbl.lzmk.hr\/index.php?rest_route=%2Fwp%2Fv2%2Fmedia&parent=747"}],"wp:term":[{"taxonomy":"category","embeddable":true,"href":"https:\/\/zbl.lzmk.hr\/index.php?rest_route=%2Fwp%2Fv2%2Fcategories&post=747"},{"taxonomy":"post_tag","embeddable":true,"href":"https:\/\/zbl.lzmk.hr\/index.php?rest_route=%2Fwp%2Fv2%2Ftags&post=747"}],"curies":[{"name":"wp","href":"https:\/\/api.w.org\/{rel}","templated":true}]}}