{"id":671,"date":"2016-10-14T22:00:00","date_gmt":"2016-10-14T22:00:00","guid":{"rendered":""},"modified":"2016-10-14T22:00:00","modified_gmt":"2016-10-14T22:00:00","slug":"","status":"publish","type":"post","link":"https:\/\/zbl.lzmk.hr\/?p=671","title":{"rendered":"KI\u0160, Vojko"},"content":{"rendered":"<p class=\"Normal\"><span class=\"Bold\">KI\u0160, Vojko, <\/span>pravnik, pijanist, glazb. pedagog (Osijek, 5. V. 1911 \u2013 Zagreb, 22. III. 1999). U rodnom gradu u\u010dio je klavir u privatnoj \u0161koli \u2192 Elze Hankin. Diplomirao je pravo te studij klavira na Muzi\u010dkoj akademiji u Be\u010du. Za Travanjskoga rata 1941. mobiliziran je kao oficir u jugoslav. kraljevsku vojsku, a potom su ga zarobile njem. snage. Bio je jedan od rijetkih koji su pre\u017eivjeli brodolom gr\u010dkoga broda s 500 jugoslav. ratnih zarobljenika koji je pod njem. zastavom plovio iz Pireja prema Solunu te 24. V. 1941. bio pogo\u0111en torpedom. Rat je proveo u njem. zarobljeni\u0161tvu. Vratio se 1945. u Osijek, gdje je isprva bio profesor glasovira u Glazbenoj \u0161koli \u00bbFranjo Kuha\u010d\u00ab, a potom ravnatelj 1949\u201352. U Osijeku je sudjelovao u glazb. \u017eivotu grada sve do odlaska u Zagreb 1952, gdje je bio ravnatelj Koncertne poslovnice Hrvatske do 1960, a zatim glazb. urednik i urednik za turneje zabavnih ansambala i organizator RTV Zagreb. Od 1969. bio je pomo\u0107nik ravnatelja Radija, a poslije i direktor me\u0111unarodnoga natjecanja glazb. talenata u Rovinju. Vi\u0161e od 300 puta nastupio je kao klavirski pratitelj. Bio je u braku s Vandom ro\u0111. Klein, profesoricom glasovira. Nakon smrti stan u Savskoj cesti u Zagrebu i svu svoju ostav\u0161tinu ostavio je \u017dOZ.<\/p>\n<p class=\"Literatura\"><span class=\"SMALL-CAPS\">IZV.:<\/span> Arhiv \u017dO u Osijeku. \u2013 Podaci o ulazniku B. Poli\u0107.<\/p>\n<p class=\"Literatura\"><span class=\"SMALL-CAPS\">LIT.:<\/span> K. Kova\u010devi\u0107: <span class=\"Italic\">Ki\u0161, Vojko. <\/span>Muzi\u010dka enciklopedija, 2. Zagreb 1974. \u2013 Bilten \u017dOZ, 1989, 12; 1995, 41\/42. \u2013 I. i S. Goldstein: <span class=\"Italic\">Holokaust u Zagrebu. <\/span>Zagreb 2001. <span class=\"Italic\">\u2013 <\/span>Z. \u017divakovi\u0107-Ker\u017ee: <span class=\"Italic\">Stradanja i pam\u0107enja. <\/span>Osijek 2006.<\/p>\n","protected":false},"excerpt":{"rendered":"<p>KI\u0160, Vojko, pravnik, pijanist, glazb. pedagog (Osijek, 5. V. 1911 \u2013 Zagreb, 22. III. 1999). U rodnom gradu u\u010dio je klavir u privatnoj \u0161koli \u2192 Elze Hankin. Diplomirao je pravo te studij klavira na Muzi\u010dkoj akademiji u Be\u010du. Za Travanjskoga rata 1941. mobiliziran je kao oficir u jugoslav. kraljevsku vojsku, a potom su ga zarobile &hellip; <a href=\"https:\/\/zbl.lzmk.hr\/?p=671\" class=\"more-link\">Nastavi \u010ditati<span class=\"screen-reader-text\"> &#8220;KI\u0160, Vojko&#8221;<\/span><\/a><\/p>\n","protected":false},"author":2,"featured_media":0,"comment_status":"closed","ping_status":"open","sticky":false,"template":"","format":"standard","meta":{"footnotes":""},"categories":[11],"tags":[],"class_list":["post-671","post","type-post","status-publish","format-standard","hentry","category-11"],"_links":{"self":[{"href":"https:\/\/zbl.lzmk.hr\/index.php?rest_route=\/wp\/v2\/posts\/671"}],"collection":[{"href":"https:\/\/zbl.lzmk.hr\/index.php?rest_route=\/wp\/v2\/posts"}],"about":[{"href":"https:\/\/zbl.lzmk.hr\/index.php?rest_route=\/wp\/v2\/types\/post"}],"author":[{"embeddable":true,"href":"https:\/\/zbl.lzmk.hr\/index.php?rest_route=\/wp\/v2\/users\/2"}],"replies":[{"embeddable":true,"href":"https:\/\/zbl.lzmk.hr\/index.php?rest_route=%2Fwp%2Fv2%2Fcomments&post=671"}],"version-history":[{"count":0,"href":"https:\/\/zbl.lzmk.hr\/index.php?rest_route=\/wp\/v2\/posts\/671\/revisions"}],"wp:attachment":[{"href":"https:\/\/zbl.lzmk.hr\/index.php?rest_route=%2Fwp%2Fv2%2Fmedia&parent=671"}],"wp:term":[{"taxonomy":"category","embeddable":true,"href":"https:\/\/zbl.lzmk.hr\/index.php?rest_route=%2Fwp%2Fv2%2Fcategories&post=671"},{"taxonomy":"post_tag","embeddable":true,"href":"https:\/\/zbl.lzmk.hr\/index.php?rest_route=%2Fwp%2Fv2%2Ftags&post=671"}],"curies":[{"name":"wp","href":"https:\/\/api.w.org\/{rel}","templated":true}]}}