{"id":538,"date":"2016-10-14T22:00:00","date_gmt":"2016-10-14T22:00:00","guid":{"rendered":""},"modified":"2016-10-14T22:00:00","modified_gmt":"2016-10-14T22:00:00","slug":"","status":"publish","type":"post","link":"https:\/\/zbl.lzmk.hr\/?p=538","title":{"rendered":"JUNG, Eliezer (Vlado, Vlatko)"},"content":{"rendered":"<p class=\"Normal\"><span class=\"Bold\">JUNG, Eliezer (Vlado, Vlatko), <\/span>glumac (Osijek, 30. IX. 1928). Sin Marcela i Helene ro\u0111. Deitelbaum (Bo\u0161njaci, 1895 \u2013 ?), brat Lea i Ljerke. Po uspostavi NDH s obitelji je izbjegao u Hrvatsko primorje te su bili internirani u logore u Kraljevici i Kamporu na Rabu. Nakon kapitulacije Italije u rujnu 1943, priklju\u010dio se partizanima te djelovao kao kurir na Baniji i Kordunu. Glumu je studirao nakon II. svj. rata u dramskom studiju \u00bbTito Strozzi\u00ab u Zagrebu. U kolovozu 1949. iselio se u Izrael, gdje je promijenio ime Vlado u Eliezer. Nakon odslu\u017eenja dvogodi\u0161njeg voj. roka primljen je u teatar \u00bbKameri\u00ab. Usporedno je glumio u teatru \u00bbCavti\u00ab i \u00bbOhel\u00ab, da bi s Ednom \u0160avit i Mihaelom Almazom osnovao teatar \u00bbZira\u00ab u Tel Avivu. Od 1962. do umirovljenja glumio je u nacionalnom teatru \u00bbHabima\u00ab. \u2013 Brat <span class=\"Italic\">Leo,<\/span> elektrotehni\u010dar (Osijek, 1921). Po uspostavi NDH s obitelji je prebjegao u Hrvatsko primorje i bio interniran u logore u Kraljevici i Kamporu na Rabu, a u rujnu 1943. pre\u0161ao je na teritorij pod partizanskim nadzorom te djelovao u pozadinskoj slu\u017ebi na Baniji. Nakon II. svj. rata radio je kao elektrotehni\u010dar. \u2013 Sestra <span class=\"Italic\">Ljerka,<\/span> revolucionarka (Osijek, 1924). Po uspostavi NDH s obitelji je prebjegla na Hrvatsko primorje te bila internirana u logore u Kraljevici i Kamporu na Rabu, a u rujnu 1943. pre\u0161la je na teritorij pod partizanskim nadzorom te djelovala u pozadinskoj slu\u017ebi u Baniji i Kordunu. \u2013 Otac <span class=\"Italic\">Marcel,<\/span> trgovac (Osijek, 1888 \u2013 Banija, 1944). Bio je u braku s Helenom ro\u0111. Deitelbaum (Bo\u0161njaci, 1895 \u2013 ?). Po uspostavi NDH s obitelji je izbjegao u Hrvatsko primorje te su bili internirani u Kraljevicu i Kampor na Rabu. Nakon kapitulacije Italije u rujnu 1943. priklju\u010dio se partizanima kao borac na Baniji, gdje je poginuo.<\/p>\n<p class=\"Literatura\"><span class=\"SMALL-CAPS\">IZV.:<\/span> HDA, Ponova, Prijava imetka, kut. 633.<\/p>\n<p class=\"Literatura\"><span class=\"SMALL-CAPS\">LIT.:<\/span> J. Romano: <span class=\"Italic\">Jevreji Jugoslavije 1941\u20131945. \u017drtve genocida i u\u010desnici narodnooslobodila\u010dkog rata.<\/span> Beograd 1980. \u2013 \u017d. Lebl: <span class=\"Italic\">Ju\u010de, danas.<\/span> Tel Aviv 1999. \u2013 M. Kolar-Dimitrijevi\u0107: <span class=\"Italic\">Osobe iz knjige Ju\u010der, danas \u017deni Lebl (Jennie Lebel). <\/span>Novi Omanut, 10(2002) 50. \u2013 M. \u0160vob: <span class=\"Italic\">\u017didovi u Hrvatskoj,<\/span> 2. Zagreb 2004.<\/p>\n","protected":false},"excerpt":{"rendered":"<p>JUNG, Eliezer (Vlado, Vlatko), glumac (Osijek, 30. IX. 1928). Sin Marcela i Helene ro\u0111. Deitelbaum (Bo\u0161njaci, 1895 \u2013 ?), brat Lea i Ljerke. Po uspostavi NDH s obitelji je izbjegao u Hrvatsko primorje te su bili internirani u logore u Kraljevici i Kamporu na Rabu. Nakon kapitulacije Italije u rujnu 1943, priklju\u010dio se partizanima te &hellip; <a href=\"https:\/\/zbl.lzmk.hr\/?p=538\" class=\"more-link\">Nastavi \u010ditati<span class=\"screen-reader-text\"> &#8220;JUNG, Eliezer (Vlado, Vlatko)&#8221;<\/span><\/a><\/p>\n","protected":false},"author":2,"featured_media":0,"comment_status":"closed","ping_status":"open","sticky":false,"template":"","format":"standard","meta":{"footnotes":""},"categories":[10],"tags":[],"class_list":["post-538","post","type-post","status-publish","format-standard","hentry","category-10"],"_links":{"self":[{"href":"https:\/\/zbl.lzmk.hr\/index.php?rest_route=\/wp\/v2\/posts\/538"}],"collection":[{"href":"https:\/\/zbl.lzmk.hr\/index.php?rest_route=\/wp\/v2\/posts"}],"about":[{"href":"https:\/\/zbl.lzmk.hr\/index.php?rest_route=\/wp\/v2\/types\/post"}],"author":[{"embeddable":true,"href":"https:\/\/zbl.lzmk.hr\/index.php?rest_route=\/wp\/v2\/users\/2"}],"replies":[{"embeddable":true,"href":"https:\/\/zbl.lzmk.hr\/index.php?rest_route=%2Fwp%2Fv2%2Fcomments&post=538"}],"version-history":[{"count":0,"href":"https:\/\/zbl.lzmk.hr\/index.php?rest_route=\/wp\/v2\/posts\/538\/revisions"}],"wp:attachment":[{"href":"https:\/\/zbl.lzmk.hr\/index.php?rest_route=%2Fwp%2Fv2%2Fmedia&parent=538"}],"wp:term":[{"taxonomy":"category","embeddable":true,"href":"https:\/\/zbl.lzmk.hr\/index.php?rest_route=%2Fwp%2Fv2%2Fcategories&post=538"},{"taxonomy":"post_tag","embeddable":true,"href":"https:\/\/zbl.lzmk.hr\/index.php?rest_route=%2Fwp%2Fv2%2Ftags&post=538"}],"curies":[{"name":"wp","href":"https:\/\/api.w.org\/{rel}","templated":true}]}}