{"id":493,"date":"2016-10-14T22:00:00","date_gmt":"2016-10-14T22:00:00","guid":{"rendered":""},"modified":"2016-10-14T22:00:00","modified_gmt":"2016-10-14T22:00:00","slug":"","status":"publish","type":"post","link":"https:\/\/zbl.lzmk.hr\/?p=493","title":{"rendered":"ITAI, Josef (Indik; Josip, Jo\u0161ko, Josl)"},"content":{"rendered":"<p class=\"Normal\"><span class=\"Bold\">ITAI, Josef (Indik; Josip, Jo\u0161ko, Josl), <\/span>\u017eid. aktivist i<span class=\"Bold\"> <\/span>prosvjetni djelatnik (Virovitica, 30. I. 1917 \u2013 Gat, Izrael, 1. VI. 1998). Sin Davida Indika i Gizele ro\u0111. Spitzer, brat \u2192 L. Indika. Mladost je proveo u Osijeku, gdje je bio cionist i aktivist Ha\u0161omer Hacaira. Tu aktivnost nastavio je i u Zagrebu, gdje je postao \u010dlan Zemaljskoga vodstva za Jugoslaviju (Hanhaga Hara\u0161it). U vi\u0161e navrata bio je vo\u0111a (mo\u0161avor) zajedni\u010dkih logorovanja \u010dlanova Ha\u0161omer Hacaira cijele Jugoslavije. U jesen 1940. preuzima du\u017enost organizatora tzv. omladinske alije (prebacivanje u Palestinu \u017eid. djece iz Reicha, koja su ilegalno pristigla u Zagreb). Jedna skupina uspjela je oti\u0107i prema Palestini krajem o\u017eujka 1941, no ve\u0107inu je (njih 60-ak) u Zagrebu zatekla kapitulacija Jugoslavije. Pribavio im je propusnice za prijelaz u Sloveniju pod svojim vodstvom te ih smjestio u dvorac Lesno brdo blizu Vrhnike. U kolovozu 1942. svi su bili preba\u010deni u selo Nonantola kraj Modene u Italiji. Toj skupini, koju je tada \u010dinilo vi\u0161e od stotinu djece, pridru\u017eilo se jo\u0161 30-ak djece iz Sarajeva i Osijeka. Uspio je organizirati i specijalni ured DELASEM preko kojega je pristizala pomo\u0107 od me\u0111unarodnih \u017eid. organizacija. Nakon kapitulacije Italije u rujnu 1943, skrivali su se pred nacistima i potajno pre\u0161li u \u0160vicarsku u kojoj su boravili do 1945, a potom su, preko Francuske i \u0160panjolske, 18. VI. 1945. stigli u Haifu. Bila je to prva skupina useljenika u Palestini nakon II. svj. rata. Podvig se smatrao jednom od najpoznatijih pri\u010da o spa\u0161avanju \u017didova, osobito \u017eid. djece, iz II. svj. rata, te je \u010desto citiran u literaturi na mnogim jezicima. Po dolasku u Palestinu nastanio se u kibucu Gat, promijenio ime u Josef Itai, zavr\u0161io Kibu\u010dki seminar i bavio se prosvjetnom djelatno\u0161\u0107u. Bio je nastavnik u svom centru vi\u0161e od pet desetlje\u0107a te do kraja \u017eivota obavljao razli\u010dite prosvjetne du\u017enosti i dobio mnoga priznanja za inicijativu, snala\u017eljivost, dosljednost i stvarala\u0161tvo. God. 1977. osnovao je Pedago\u0161ki centar za cijeli distrikt. Sura\u0111ivao je u razli\u010ditim pedago\u0161kim \u010dasopisima te djelovao na podru\u010dju kulture. Do\u017eivljaje iz rata opisao je u vi\u0161e navrata (<span class=\"Italic\">Jevrejski almanah,<\/span> 1963\u201364), objaviv\u0161i i knjigu <span class=\"Italic\">Djeca Vile Ema<\/span> (Tel Aviv 1983). <\/p>\n<p class=\"Literatura\"><span class=\"SMALL-CAPS\">IZV.:<\/span> HDA, RUR, \u017didovski odsjek, 27266.<\/p>\n<p class=\"Literatura\"><span class=\"SMALL-CAPS\">LIT.:<\/span> M. Ristovi\u0107: <span class=\"Italic\">U potrazi za uto\u010di\u0161tem. Jugoslovenski Jevreji u bekstvu od holokausta 1941\u201345. <\/span>Beograd 1998. \u2013 Ha-kol, 1999, 57\/58. \u2013 M. Kolar-Dimitrijevi\u0107: <span class=\"Italic\">Osobe iz knjige Ju\u010der, danas \u017deni Lebl (Jennie Lebel). <\/span>Novi Omanut, 9(2001) 47\/48. \u2013 I. i S. Goldstein: <span class=\"Italic\">Holokaust u Zagrebu<\/span>. Zagreb 2001. \u2013 I. Goldstein: <span class=\"Italic\">Solidarnost i pomo\u0107 \u017didovima u Hrvatskoj<\/span>. Radovi zavoda za hrvatsku povijest, 34\/36(2001\u20132004). \u2013 S. Sr\u0161an i V. Mati\u0107<span class=\"Italic\">: Zavi\u010dajnici grada Osijeka 1901.\u20131946. <\/span>Osijek 2003.<\/p>\n","protected":false},"excerpt":{"rendered":"<p>ITAI, Josef (Indik; Josip, Jo\u0161ko, Josl), \u017eid. aktivist i prosvjetni djelatnik (Virovitica, 30. I. 1917 \u2013 Gat, Izrael, 1. VI. 1998). Sin Davida Indika i Gizele ro\u0111. Spitzer, brat \u2192 L. Indika. Mladost je proveo u Osijeku, gdje je bio cionist i aktivist Ha\u0161omer Hacaira. Tu aktivnost nastavio je i u Zagrebu, gdje je postao &hellip; <a href=\"https:\/\/zbl.lzmk.hr\/?p=493\" class=\"more-link\">Nastavi \u010ditati<span class=\"screen-reader-text\"> &#8220;ITAI, Josef (Indik; Josip, Jo\u0161ko, Josl)&#8221;<\/span><\/a><\/p>\n","protected":false},"author":2,"featured_media":0,"comment_status":"closed","ping_status":"open","sticky":false,"template":"","format":"standard","meta":{"footnotes":""},"categories":[9],"tags":[],"class_list":["post-493","post","type-post","status-publish","format-standard","hentry","category-9"],"_links":{"self":[{"href":"https:\/\/zbl.lzmk.hr\/index.php?rest_route=\/wp\/v2\/posts\/493"}],"collection":[{"href":"https:\/\/zbl.lzmk.hr\/index.php?rest_route=\/wp\/v2\/posts"}],"about":[{"href":"https:\/\/zbl.lzmk.hr\/index.php?rest_route=\/wp\/v2\/types\/post"}],"author":[{"embeddable":true,"href":"https:\/\/zbl.lzmk.hr\/index.php?rest_route=\/wp\/v2\/users\/2"}],"replies":[{"embeddable":true,"href":"https:\/\/zbl.lzmk.hr\/index.php?rest_route=%2Fwp%2Fv2%2Fcomments&post=493"}],"version-history":[{"count":0,"href":"https:\/\/zbl.lzmk.hr\/index.php?rest_route=\/wp\/v2\/posts\/493\/revisions"}],"wp:attachment":[{"href":"https:\/\/zbl.lzmk.hr\/index.php?rest_route=%2Fwp%2Fv2%2Fmedia&parent=493"}],"wp:term":[{"taxonomy":"category","embeddable":true,"href":"https:\/\/zbl.lzmk.hr\/index.php?rest_route=%2Fwp%2Fv2%2Fcategories&post=493"},{"taxonomy":"post_tag","embeddable":true,"href":"https:\/\/zbl.lzmk.hr\/index.php?rest_route=%2Fwp%2Fv2%2Ftags&post=493"}],"curies":[{"name":"wp","href":"https:\/\/api.w.org\/{rel}","templated":true}]}}