{"id":490,"date":"2016-10-14T22:00:00","date_gmt":"2016-10-14T22:00:00","guid":{"rendered":""},"modified":"2016-10-14T22:00:00","modified_gmt":"2016-10-14T22:00:00","slug":"","status":"publish","type":"post","link":"https:\/\/zbl.lzmk.hr\/?p=490","title":{"rendered":"ISAI\u0106, Vladimir"},"content":{"rendered":"<p class=\"Normal\"><span class=\"Bold\">ISAI\u0106, Vladimir, <\/span>publicist (Mostar, BiH, 1930 \u2013 ?Split, 28. XII. 2006). Sin Du\u0161ana i Ru\u017eice, unuk Malvine ro\u0111. Bem. Iako je bio iz mje\u0161ovitoga braka i grkokatoli\u010dke vjere, po uspostavi NDH prebjegao je u Hrvatsko primorje te bio interniran u logor u Kamporu na Rabu. Na Fakultetu politi\u010dkih znanosti u Zagrebu 1999. doktorirao je tezom <span class=\"Italic\">Jadransko pomorsko voji\u0161te u politi\u010dkoj i vojnoj strategiji Tre\u0107eg Reicha (1934\u20131945). <\/span>Sura\u0111ivao u <span class=\"Italic\">Ha-kolu<\/span>. Bio je \u010dlan \u017dO Split.<\/p>\n<p class=\"Literatura\"><span class=\"SMALL-CAPS\">DJELA:<\/span> <span class=\"Italic\">Pomorski obi\u010daji i tradicije.<\/span> Beograd 1988. \u2013 <span class=\"Italic\">Tre\u0107i pomorski obalski sektor Mornarice narodnooslobodila\u010dke vojske Jugoslavije 1943\u20131945. Pomo\u0107ni brodovi <\/span>(suautor D. Magi\u0107). Zadar 1990. \u2013 <span class=\"Italic\">Put prognanih. Od Mostara do Raba 1942.\u20131943.<\/span> Rijeka 2003. \u2013 <span class=\"Italic\">Pomorsko zrakoplovstvo na isto\u010dnoj obali Jadrana \/ Naval Aviation at the eastern coast of the Adriatic sea <\/span>(suautor D. Frka). Zagreb 2010.<\/p>\n<p class=\"Literatura\"><span class=\"SMALL-CAPS\">IZV.:<\/span> HDA, RUR, \u017didovski odsjek, 29457.<\/p>\n","protected":false},"excerpt":{"rendered":"<p>ISAI\u0106, Vladimir, publicist (Mostar, BiH, 1930 \u2013 ?Split, 28. XII. 2006). Sin Du\u0161ana i Ru\u017eice, unuk Malvine ro\u0111. Bem. Iako je bio iz mje\u0161ovitoga braka i grkokatoli\u010dke vjere, po uspostavi NDH prebjegao je u Hrvatsko primorje te bio interniran u logor u Kamporu na Rabu. Na Fakultetu politi\u010dkih znanosti u Zagrebu 1999. doktorirao je tezom &hellip; <a href=\"https:\/\/zbl.lzmk.hr\/?p=490\" class=\"more-link\">Nastavi \u010ditati<span class=\"screen-reader-text\"> &#8220;ISAI\u0106, Vladimir&#8221;<\/span><\/a><\/p>\n","protected":false},"author":2,"featured_media":0,"comment_status":"closed","ping_status":"open","sticky":false,"template":"","format":"standard","meta":{"footnotes":""},"categories":[9],"tags":[],"class_list":["post-490","post","type-post","status-publish","format-standard","hentry","category-9"],"_links":{"self":[{"href":"https:\/\/zbl.lzmk.hr\/index.php?rest_route=\/wp\/v2\/posts\/490"}],"collection":[{"href":"https:\/\/zbl.lzmk.hr\/index.php?rest_route=\/wp\/v2\/posts"}],"about":[{"href":"https:\/\/zbl.lzmk.hr\/index.php?rest_route=\/wp\/v2\/types\/post"}],"author":[{"embeddable":true,"href":"https:\/\/zbl.lzmk.hr\/index.php?rest_route=\/wp\/v2\/users\/2"}],"replies":[{"embeddable":true,"href":"https:\/\/zbl.lzmk.hr\/index.php?rest_route=%2Fwp%2Fv2%2Fcomments&post=490"}],"version-history":[{"count":0,"href":"https:\/\/zbl.lzmk.hr\/index.php?rest_route=\/wp\/v2\/posts\/490\/revisions"}],"wp:attachment":[{"href":"https:\/\/zbl.lzmk.hr\/index.php?rest_route=%2Fwp%2Fv2%2Fmedia&parent=490"}],"wp:term":[{"taxonomy":"category","embeddable":true,"href":"https:\/\/zbl.lzmk.hr\/index.php?rest_route=%2Fwp%2Fv2%2Fcategories&post=490"},{"taxonomy":"post_tag","embeddable":true,"href":"https:\/\/zbl.lzmk.hr\/index.php?rest_route=%2Fwp%2Fv2%2Ftags&post=490"}],"curies":[{"name":"wp","href":"https:\/\/api.w.org\/{rel}","templated":true}]}}