{"id":488,"date":"2016-10-14T22:00:00","date_gmt":"2016-10-14T22:00:00","guid":{"rendered":""},"modified":"2016-10-14T22:00:00","modified_gmt":"2016-10-14T22:00:00","slug":"","status":"publish","type":"post","link":"https:\/\/zbl.lzmk.hr\/?p=488","title":{"rendered":"INDIK, Ladislav"},"content":{"rendered":"<p class=\"Normal\"><span class=\"Bold\">INDIK, Ladislav,<\/span> ekonomist i nakladnik (Ba\u010dki Mono\u0161tor, Srbija, 10. XII. 1909 \u2013 Zagreb, 10. II. 2000). Sin Davida i Gizele ro\u0111. Spitzer. Brat mu je \u2192 J. Itai. O\u017eenio se 22. VIII. 1937. pri rabinatu u Po\u017eegi Ru\u017eom ro\u0111. Davidovi\u0107 s kojom je imao Tamaru. Nakon realne gimnazije, 1928. zavr\u0161io je Dr\u017eavnu trgova\u010dku akademiju i zaposlio se u \u017eitarskom poduze\u0107u \u00bbSchein &#038; sinovi\u00ab, gdje je brzo napredovao do mjesta poslovo\u0111e. Zavi\u010dajnu pripadnost stekao je 22. VII. 1934. u Osijeku, gdje je bio dugogodi\u0161nji tajnik Makabija. Po uspostavi NDH, 1942, s obitelji je prebjegao u Split, potom su bili internirani u Selce, Kraljevicu i Kampor na Rabu. Nakon kapitulacije Italije u rujnu 1943, s obitelji se priklju\u010dio partizanima i djelovao u \u0161tabu 10. zagreba\u010dkoga korpusa bave\u0107i se promicanjem tiska i kulture. U Zagrebu je \u017eivio od 1945, gdje je propagandom iz odjela za omladinu osnovao izdava\u010dko poduze\u0107e \u00bbNovo pokoljenje\u00ab, koje je izdavalo knjige za djecu i omladinu. Krajem 1950-ih osnovao je Izdava\u010dko knji\u017earsko poduze\u0107e \u00bbMladost\u00ab, spajanjem \u00bbNovog pokoljenja\u00ab i trg. mre\u017ee Zagreba\u010dkoga knji\u017earskoga poduze\u0107a. Do umirovljenja krajem 1970-ih vodio je \u00bbMladost\u00ab, koja je prerasla u jednu od najuglednijih izdava\u010dkih ku\u0107a u 2. pol. XX. st. I nakon umirovljenja djelovao je kao savjetnik za izdava\u010dku djelatnost. Okupljao je mnoge uglednike u Izdava\u010dkom savjetu i uspje\u0161ne umjetnike poput Raoula Goldonija, Ede Murti\u0107a, Dalibora Para\u0107a, Nikole Reisera, \u010cede Price i dr. na likovnim obradama knjiga. Sura\u0111uju\u0107i s mnogobrojnim eur. izdava\u010dima ishodovao je autorska prava nekoliko knji\u017e. uspje\u0161nica. Bio je predsjednik Udru\u017eenja izdava\u010da Jugoslavije; odlikovan i nagra\u0111ivan nekoliko puta. \u2013 Supruga <span class=\"Italic\">Ru\u017ea<\/span> <span class=\"Italic\">(Ru\u017eica),<\/span> \u017eid. aktivistica (Po\u017eega, 10. VII. 1912 \u2013 Zagreb, 7. III. 1984). K\u0107i Lea Davidovi\u0107a i Sofije ro\u0111. Lang. Po uspostavi NDH s obitelji je prebjegla u Split, odakle su bili odvedeni u tal. internaciju u Selce, potom u Kraljevicu i Kampor na Rabu. Nakon kapitulacije Italije u rujnu 1943. s obitelji se priklju\u010dila partizanima.  \u2013 K\u0107i <span class=\"Italic\">Tamara Indik-Mali,<\/span> novinarka (Osijek, 5. IX. 1941). Po uspostavi NDH s obitelji je prebjegla u Split, potom su bili internirani u Selce, Kraljevicu i Kampor na Rabu. Nakon kapitulacije Italije u rujnu 1943, obitelj se priklju\u010dila partizanima. Od 1945. \u017eivjela je u Zagrebu, gdje je studirala na Filozofskom i Ekonomskom fakultetu te zavr\u0161ila seminar o suvremenom novinarstvu na Institutu za novinarstvo u Beogradu. Za studija je sura\u0111ivala u <span class=\"Italic\">Studentskom listu,<\/span> 1963\u201373. radila kao novinarka u <span class=\"Italic\">Ve\u010dernjem listu,<\/span> od 1973. do prijevremenog umirovljenja 1991. kao politi\u010dka komentatorica u <span class=\"Italic\">Vjesniku<\/span>. Od 1991. radi kao suradnica Agence France-Presse, Special Broadcasting Service, Radio Free Europe, Westdeutscher Rundfunk. Bavi se unutra\u0161njom politikom, gospodarstvom, urbanizmom, gra\u0111evinarstvom i zdravstvom. Sura\u0111ivala je u listovima <span class=\"Italic\">Studio, Start, Komunist<\/span> te u stru\u010dnim \u010dasopisima urbanizma, gra\u0111evinarstva i zdravstva. Bila je \u010dlanica Predsjedni\u0161tva Dru\u0161tva novinara Hrvatske (1972\u201376) i predsjednica prvoga Eti\u010dkog komiteta za presa\u0111ivanje ko\u0161tane sr\u017ei na KBC Zagreb (Rebro). Odlikovana je Medaljom rada. \u2013 Otac <span class=\"Italic\">David,<\/span> kantor (Desesti, Rumunjska, 5. II. 1885 \u2013 Auschwitz, 1942). Sin Jonasa i Fradel. Vjen\u010dao se 11. VIII. 1908. u Branjinom Vrhu Gizelom ro\u0111. Spitzer (Branjin Vrh, 27. VI. 1887 \u2013 ?). U braku su ro\u0111ena djeca Ladislav, Ru\u017eica (Slatina, 23. VIII. 1912 \u2013 ?) i Josip. Od 1931. djelovao je pri osje\u010dkoj \u017dO Gornji grad. Po uspostavi NDH deportiran je u Auschwitz, gdje je stradao.<\/p>\n<p class=\"Literatura\"><span class=\"SMALL-CAPS\">IZV.:<\/span> Podaci o ulazniku T. Indik-Mali.<\/p>\n<p class=\"Literatura\"><span class=\"SMALL-CAPS\">LIT.:<\/span> <span class=\"Italic\">Iz Jugoslavije \u2013 Osijek<\/span>.<span class=\"Italic\"> <\/span>\u017didov,<span class=\"Italic\"> <\/span>14(1930) 35. \u2013 P. Po\u017ear: <span class=\"Italic\">Indik, Ladislav. <\/span>Leksikon povijesti novinarstva i publicistike. Split 2001. \u2013 S. Sr\u0161an i V. Mati\u0107: <span class=\"Italic\">Zavi\u010dajnici grada Osijeka 1901.\u20131946<\/span>. Osijek 2003.<\/p>\n","protected":false},"excerpt":{"rendered":"<p>INDIK, Ladislav, ekonomist i nakladnik (Ba\u010dki Mono\u0161tor, Srbija, 10. XII. 1909 \u2013 Zagreb, 10. II. 2000). Sin Davida i Gizele ro\u0111. Spitzer. Brat mu je \u2192 J. Itai. O\u017eenio se 22. VIII. 1937. pri rabinatu u Po\u017eegi Ru\u017eom ro\u0111. Davidovi\u0107 s kojom je imao Tamaru. Nakon realne gimnazije, 1928. zavr\u0161io je Dr\u017eavnu trgova\u010dku akademiju i &hellip; <a href=\"https:\/\/zbl.lzmk.hr\/?p=488\" class=\"more-link\">Nastavi \u010ditati<span class=\"screen-reader-text\"> &#8220;INDIK, Ladislav&#8221;<\/span><\/a><\/p>\n","protected":false},"author":2,"featured_media":0,"comment_status":"closed","ping_status":"open","sticky":false,"template":"","format":"standard","meta":{"footnotes":""},"categories":[9],"tags":[],"class_list":["post-488","post","type-post","status-publish","format-standard","hentry","category-9"],"_links":{"self":[{"href":"https:\/\/zbl.lzmk.hr\/index.php?rest_route=\/wp\/v2\/posts\/488"}],"collection":[{"href":"https:\/\/zbl.lzmk.hr\/index.php?rest_route=\/wp\/v2\/posts"}],"about":[{"href":"https:\/\/zbl.lzmk.hr\/index.php?rest_route=\/wp\/v2\/types\/post"}],"author":[{"embeddable":true,"href":"https:\/\/zbl.lzmk.hr\/index.php?rest_route=\/wp\/v2\/users\/2"}],"replies":[{"embeddable":true,"href":"https:\/\/zbl.lzmk.hr\/index.php?rest_route=%2Fwp%2Fv2%2Fcomments&post=488"}],"version-history":[{"count":0,"href":"https:\/\/zbl.lzmk.hr\/index.php?rest_route=\/wp\/v2\/posts\/488\/revisions"}],"wp:attachment":[{"href":"https:\/\/zbl.lzmk.hr\/index.php?rest_route=%2Fwp%2Fv2%2Fmedia&parent=488"}],"wp:term":[{"taxonomy":"category","embeddable":true,"href":"https:\/\/zbl.lzmk.hr\/index.php?rest_route=%2Fwp%2Fv2%2Fcategories&post=488"},{"taxonomy":"post_tag","embeddable":true,"href":"https:\/\/zbl.lzmk.hr\/index.php?rest_route=%2Fwp%2Fv2%2Ftags&post=488"}],"curies":[{"name":"wp","href":"https:\/\/api.w.org\/{rel}","templated":true}]}}