{"id":403,"date":"2016-10-14T22:00:00","date_gmt":"2016-10-14T22:00:00","guid":{"rendered":""},"modified":"2016-10-14T22:00:00","modified_gmt":"2016-10-14T22:00:00","slug":"","status":"publish","type":"post","link":"https:\/\/zbl.lzmk.hr\/?p=403","title":{"rendered":"BABI\u0106, Livia"},"content":{"rendered":"<p class=\"Normal\"><span class=\"Bold\">BABI\u0106, Livia, <\/span>pravnica<span class=\"Bold\"> <\/span>(Kecskem\u00e9t, Ma\u0111arska, 15. II. 1920 \u2013 Beograd, 13. V. 2001). K\u0107i \u2192 G. Breidera i Ane ro\u0111. Spitzer. Majka \u2192 G. Babi\u0107a i \u2192 Zore Zuckerman Itkovi\u0107. S obitelji je 1926. do\u0161la u Osijek, gdje je 1938. maturirala. Iste god. s obitelji se preselila u Beograd, gdje upisuje Medicinski fakultet. Postala je \u010dlanica SKOJ 1940. Sudjelovala je u beogradskim demonstracijama 27. III. 1941, a za Travanjskoga rata 1941. sa suprugom Matom Babi\u0107em oti\u0161la je u njegovo rodno mjesto Slivno Ravno kraj Opuzena, potom 24. VI. 1941, \u010damcem na Pelje\u0161ac u mjesto zvano \u00bbBezzemlje\u00ab, gdje su se priklju\u010dili prvoj skupini ilegalaca na tom podru\u010dju. U KPJ primljena je u o\u017eujku 1943. na rad u Odjelu tehnike Okru\u017enog komiteta za ju\u017e. Dalmaciju. U travnju 1944. na Visu je bila raspore\u0111ena na rad u bolnicama, a bila je i vr\u0161iteljica du\u017enosti zamjenika polit. komesara i sekretara partijske organizacije. Nositeljica je Partizanske spomenice 1941. Od oslobo\u0111enja u Zagrebu radila u gradskom javnom tu\u017eila\u0161tvu, istodobno studirala te diplomirala na Pravnom fakultetu 1949. God. 1951. s obitelji se doselila u Metkovi\u0107, gdje je bila voditeljica Op\u0107inske organizacije AF\u017d Metkovi\u0107, a od 1952. u Mostaru je radila kao pravnica u voj. poduze\u0107u \u00bbSoko\u00ab. Od 1955. vr\u0161i du\u017enost zamjenice direktora Socijalnoga osiguranja u Mostaru do umirovljena 1961. Nakon suprugove smrti, 1965, vratila se u Zagreb, no potom se vi\u0161e puta selila (Ka\u0161tel Su\u0107urac, Metkovi\u0107, Plo\u010de, Zagreb, Mostar, Zadar i Beograd).<\/p>\n<p class=\"Literatura\"><span class=\"SMALL-CAPS\">IZV.:<\/span> Podaci o ulaznici B. Breider.<\/p>\n","protected":false},"excerpt":{"rendered":"<p>BABI\u0106, Livia, pravnica (Kecskem\u00e9t, Ma\u0111arska, 15. II. 1920 \u2013 Beograd, 13. V. 2001). K\u0107i \u2192 G. Breidera i Ane ro\u0111. Spitzer. Majka \u2192 G. Babi\u0107a i \u2192 Zore Zuckerman Itkovi\u0107. S obitelji je 1926. do\u0161la u Osijek, gdje je 1938. maturirala. Iste god. s obitelji se preselila u Beograd, gdje upisuje Medicinski fakultet. Postala je &hellip; <a href=\"https:\/\/zbl.lzmk.hr\/?p=403\" class=\"more-link\">Nastavi \u010ditati<span class=\"screen-reader-text\"> &#8220;BABI\u0106, Livia&#8221;<\/span><\/a><\/p>\n","protected":false},"author":2,"featured_media":0,"comment_status":"closed","ping_status":"open","sticky":false,"template":"","format":"standard","meta":{"footnotes":""},"categories":[2],"tags":[],"class_list":["post-403","post","type-post","status-publish","format-standard","hentry","category-2"],"_links":{"self":[{"href":"https:\/\/zbl.lzmk.hr\/index.php?rest_route=\/wp\/v2\/posts\/403"}],"collection":[{"href":"https:\/\/zbl.lzmk.hr\/index.php?rest_route=\/wp\/v2\/posts"}],"about":[{"href":"https:\/\/zbl.lzmk.hr\/index.php?rest_route=\/wp\/v2\/types\/post"}],"author":[{"embeddable":true,"href":"https:\/\/zbl.lzmk.hr\/index.php?rest_route=\/wp\/v2\/users\/2"}],"replies":[{"embeddable":true,"href":"https:\/\/zbl.lzmk.hr\/index.php?rest_route=%2Fwp%2Fv2%2Fcomments&post=403"}],"version-history":[{"count":0,"href":"https:\/\/zbl.lzmk.hr\/index.php?rest_route=\/wp\/v2\/posts\/403\/revisions"}],"wp:attachment":[{"href":"https:\/\/zbl.lzmk.hr\/index.php?rest_route=%2Fwp%2Fv2%2Fmedia&parent=403"}],"wp:term":[{"taxonomy":"category","embeddable":true,"href":"https:\/\/zbl.lzmk.hr\/index.php?rest_route=%2Fwp%2Fv2%2Fcategories&post=403"},{"taxonomy":"post_tag","embeddable":true,"href":"https:\/\/zbl.lzmk.hr\/index.php?rest_route=%2Fwp%2Fv2%2Ftags&post=403"}],"curies":[{"name":"wp","href":"https:\/\/api.w.org\/{rel}","templated":true}]}}