{"id":3304,"date":"2016-10-14T22:00:00","date_gmt":"2016-10-14T22:00:00","guid":{"rendered":""},"modified":"2016-10-14T22:00:00","modified_gmt":"2016-10-14T22:00:00","slug":"","status":"publish","type":"post","link":"https:\/\/zbl.lzmk.hr\/?p=3304","title":{"rendered":"FELLER, Eugen Viktor"},"content":{"rendered":"<p class=\"Normal\"><span class=\"Bold\">FELLER, Eugen Viktor,<\/span> ljekarnik i poduzetnik (Lavov, Ukrajina, 26. I. 1871 \u2013 Zagreb, 15. XI. 1936). Sin poljskoga \u017didova Davida i katolkinje Elizabete (Else) ro\u0111. Holzer, rodom iz Austrije. Sa suprugom Idom ro\u0111. Oemichen imao je osam sinova i \u010detiri k\u0107eri, me\u0111u njima \u2192 Vilima, \u2192 Miroslava, \u2192 Ferdinanda i \u2192 Marijana. Bio je vlasnik ljekarne \u00bbCrvenom kri\u017eu\u00ab u Grubi\u0161nom Polju, gdje je 1897. zapo\u010deo proizvodnju \u00bbElsa-fluid\u00ab vodice, nazvane po njegovoj majci, koja je slu\u017eila kao ljekovito sredstvo. God. 1899. postao je vlasnik ljekarne \u00bbSveto Trojstvo\u00ab u Donjoj Stubici, gdje se, zahvaljuju\u0107i proizvodnji i prodaji fluida, obogatio i preselio u Zagreb. Tu je utemeljio tvornicu farmaceutskih proizvoda, koja je u jednom trenutku zapo\u0161ljavala vi\u0161e od 100 radnika. Proizvodnjom fluida i spretnim poduzetni\u0161tvom probio se na tr\u017ei\u0161ta Austrije, Njema\u010dke, Italije, Francuske, Velike Britanije, Egipta, Kine, Japana i SAD. Na svjetskom tr\u017ei\u0161tu pojavio se i s kolekcijama kozmeti\u010dkih i higijenskih pripravaka u kojima je jedan od sastojaka bio fluid. Bogatstvo koje je ostvario poduzetni\u010dkim djelovanjem iskoristio je za izgradnju arhitektonski iznimno vrijednih gra\u0111evina koje je dao graditi u stilovima karakteristi\u010dnima za njegova \u017eivota (historicizam, secesija, jugendstil). Rije\u010d je o dvokatnici na Tomislavovu trgu koju je projektirala tvrtka \u00bbH\u00f6nigsberg i Deutsch\u00ab, \u010detverokatnice na uglu Trga bana Jela\u010di\u0107a i Juri\u0161i\u0107eve, u kojoj se danas nalazi Europski dom, i secesijske vile u Jurjevskoj, koja je nosila naziv \u00bbFeller Haus\u00ab, a projektirao ju je njegov polubrat Mathias, arhitekt iz M\u00fcnchena. \u2013 Sin <span class=\"Italic\">Kazimir,<\/span> farmaceut (Donja Stubica, 1904 \u2013 logor Jasenovac, 1942). U me\u0111uratnom razdoblju bio je ljekarnik u Donjoj  Stubici i \u010dlan Ljekarni\u010dke komore. Dana 9. VII. 1941. zaveden je kao \u00bbpolu\u017eidov\u00ab u popis neophodnih stru\u010dnjaka, ali unato\u010d tomu deportiran je iz Zagreba u logor Jasenovac, mogu\u0107e kao talac, gdje je stradao. \u2013 Sin <span class=\"Italic\">Vladimir,<\/span><span class=\"Bold\"> <\/span>arhitekt i komunisti\u010dki aktivist (?Donja Stubica, 16. II. 1902 \u2013 Topusko, 1944). Kao aktivan \u010dlan KPJ u me\u0111uratnom razdoblju vi\u0161e je puta bio uhi\u0107ivan. Jedno je vrijeme tijekom II. svj. rata djelovao u Su\u0161aku, gdje je navodno sura\u0111ivao s brit. obavje\u0161tajnom slu\u017ebom. Poginuo je 1944. kao pripadnik NOVJ.<\/p>\n<p class=\"Literatura\"><span class=\"SMALL-CAPS\">IZV.:<\/span> HDA, Ponova, br. 1076, Srpski odsjek, Op\u0107i spisi, kut. 441, 198\/1941.<\/p>\n<p class=\"Literatura\"><span class=\"SMALL-CAPS\">LIT.:<\/span> <span class=\"Italic\">Balkanski voja\u0161ki poligon. <\/span>Ljubljana 1998. \u2013 S. Fatovi\u0107-Feren\u010di\u0107 i J. Ferber Bogdan: <span class=\"Italic\">Ljekarnik Eugen Viktor Feller.<\/span> Medicus, 6(1997) 2. \u2013 M. Kolar-Dimitrijevi\u0107 i S. Fatovi\u0107-Feren\u010di\u0107: <span class=\"Italic\">Feller, Eugen Viktor. <\/span>Hrvatski biografski leksikon, 4. Zagreb 1998. \u2013 S. Fatovi\u0107-Feren\u010di\u0107 i J. Ferber Bogdan: <span class=\"Italic\">Building investments of Eugen Viktor Feller \u2013 the pioneer of industrial drug production in Croatia.<\/span> 34th International Congress for the History of Pharmacy. Florence 1999. \u2013 <span class=\"Italic\">Feller, Eugen Viktor. <\/span>Hrvatska enciklopedija, 3. Zagreb 2002. \u2013 M. \u0160vob: <span class=\"Italic\">\u017didovi u Hrvatskoj, <\/span>2. Zagreb 2004. \u2013 L. Lon\u010dar: <span class=\"Italic\">Ljekarna Eugena Viktora Fellera u Donjoj Stubici.<\/span> Informatica museologica, 40(2009) 1\/2.<\/p>\n","protected":false},"excerpt":{"rendered":"<p>FELLER, Eugen Viktor, ljekarnik i poduzetnik (Lavov, Ukrajina, 26. I. 1871 \u2013 Zagreb, 15. XI. 1936). Sin poljskoga \u017didova Davida i katolkinje Elizabete (Else) ro\u0111. Holzer, rodom iz Austrije. Sa suprugom Idom ro\u0111. Oemichen imao je osam sinova i \u010detiri k\u0107eri, me\u0111u njima \u2192 Vilima, \u2192 Miroslava, \u2192 Ferdinanda i \u2192 Marijana. Bio je vlasnik &hellip; <a href=\"https:\/\/zbl.lzmk.hr\/?p=3304\" class=\"more-link\">Nastavi \u010ditati<span class=\"screen-reader-text\"> &#8220;FELLER, Eugen Viktor&#8221;<\/span><\/a><\/p>\n","protected":false},"author":2,"featured_media":0,"comment_status":"closed","ping_status":"open","sticky":false,"template":"","format":"standard","meta":{"footnotes":""},"categories":[6],"tags":[],"class_list":["post-3304","post","type-post","status-publish","format-standard","hentry","category-6"],"_links":{"self":[{"href":"https:\/\/zbl.lzmk.hr\/index.php?rest_route=\/wp\/v2\/posts\/3304"}],"collection":[{"href":"https:\/\/zbl.lzmk.hr\/index.php?rest_route=\/wp\/v2\/posts"}],"about":[{"href":"https:\/\/zbl.lzmk.hr\/index.php?rest_route=\/wp\/v2\/types\/post"}],"author":[{"embeddable":true,"href":"https:\/\/zbl.lzmk.hr\/index.php?rest_route=\/wp\/v2\/users\/2"}],"replies":[{"embeddable":true,"href":"https:\/\/zbl.lzmk.hr\/index.php?rest_route=%2Fwp%2Fv2%2Fcomments&post=3304"}],"version-history":[{"count":0,"href":"https:\/\/zbl.lzmk.hr\/index.php?rest_route=\/wp\/v2\/posts\/3304\/revisions"}],"wp:attachment":[{"href":"https:\/\/zbl.lzmk.hr\/index.php?rest_route=%2Fwp%2Fv2%2Fmedia&parent=3304"}],"wp:term":[{"taxonomy":"category","embeddable":true,"href":"https:\/\/zbl.lzmk.hr\/index.php?rest_route=%2Fwp%2Fv2%2Fcategories&post=3304"},{"taxonomy":"post_tag","embeddable":true,"href":"https:\/\/zbl.lzmk.hr\/index.php?rest_route=%2Fwp%2Fv2%2Ftags&post=3304"}],"curies":[{"name":"wp","href":"https:\/\/api.w.org\/{rel}","templated":true}]}}