{"id":2979,"date":"2016-10-14T22:00:00","date_gmt":"2016-10-14T22:00:00","guid":{"rendered":""},"modified":"2016-10-14T22:00:00","modified_gmt":"2016-10-14T22:00:00","slug":"","status":"publish","type":"post","link":"https:\/\/zbl.lzmk.hr\/?p=2979","title":{"rendered":"B\u00dcCHLER, Dragan (Dragutin)"},"content":{"rendered":"<p class=\"Normal\"><span class=\"Bold\">B\u00dcCHLER, Dragan (Dragutin), <\/span>pravnik (?, 1906 \u2013 logor Jasenovac, 1941). Stekao je doktorat prava 1930. na Pravnom fakultetu u Zagrebu, a 1931. upisan je u Imenik odvjetni\u010dkih pripravnika u Zagrebu. Bio je vje\u017ebenik kod V. Feri\u0107a i S. \u0160ika, u me\u0111uratnom razdoblju odvjetnik u Zagrebu s uredom u Dra\u0161kovi\u0107evoj ul. Po uspostavi NDH, sa suprugom Blankom ro\u0111. Brodman-Brodari\u0107 i s k\u0107eri Dinom, preuzeo je \u017eid. znak, potom je uhi\u0107en i zatvoren u Kerestincu te preba\u010den u jasenova\u010dki logor Bro\u010dice. Iz \u017dOZ su mu poslani paketi 5. XI. 1941. i 5. I. 1942, ali vjerojatno po\u010d. 1942. vi\u0161e nije bio \u017eiv. Supruga Blanka i k\u0107i Dina deportirane su u logor Loborgrad, odakle je Blanka deportirana u Auschwitz, a Dina izvu\u010dena iz logora i spa\u0161ena zahvaljuju\u0107i Gini Beriti\u0107 i njezinu sinu Tihomilu, koji su progla\u0161eni Pravednicima me\u0111u narodima.<\/p>\n<p class=\"Literatura\"><span class=\"SMALL-CAPS\">IZV.:<\/span> HDA, Ponova, Prijava imetka, kut. 664. \u2013 Kartoteka Jasenovac. \u2013 K\u017dZ.<\/p>\n<p class=\"Literatura\"><span class=\"SMALL-CAPS\">LIT.:<\/span> <span class=\"Italic\">Vijesti Advokatske komore u Zagrebu<\/span>. Odvjetnik, 35(1929) 21. \u2013 <span class=\"Italic\">Pravni fakultet u Zagrebu 1796\u20131996.<\/span> Zagreb 1996. \u2013 M. \u0160vob: <span class=\"Italic\">\u017didovi u Hrvatskoj,<\/span> 2. Zagreb 2004. <\/p>\n","protected":false},"excerpt":{"rendered":"<p>B\u00dcCHLER, Dragan (Dragutin), pravnik (?, 1906 \u2013 logor Jasenovac, 1941). Stekao je doktorat prava 1930. na Pravnom fakultetu u Zagrebu, a 1931. upisan je u Imenik odvjetni\u010dkih pripravnika u Zagrebu. Bio je vje\u017ebenik kod V. Feri\u0107a i S. \u0160ika, u me\u0111uratnom razdoblju odvjetnik u Zagrebu s uredom u Dra\u0161kovi\u0107evoj ul. Po uspostavi NDH, sa suprugom &hellip; <a href=\"https:\/\/zbl.lzmk.hr\/?p=2979\" class=\"more-link\">Nastavi \u010ditati<span class=\"screen-reader-text\"> &#8220;B\u00dcCHLER, Dragan (Dragutin)&#8221;<\/span><\/a><\/p>\n","protected":false},"author":2,"featured_media":0,"comment_status":"closed","ping_status":"open","sticky":false,"template":"","format":"standard","meta":{"footnotes":""},"categories":[2],"tags":[],"class_list":["post-2979","post","type-post","status-publish","format-standard","hentry","category-2"],"_links":{"self":[{"href":"https:\/\/zbl.lzmk.hr\/index.php?rest_route=\/wp\/v2\/posts\/2979"}],"collection":[{"href":"https:\/\/zbl.lzmk.hr\/index.php?rest_route=\/wp\/v2\/posts"}],"about":[{"href":"https:\/\/zbl.lzmk.hr\/index.php?rest_route=\/wp\/v2\/types\/post"}],"author":[{"embeddable":true,"href":"https:\/\/zbl.lzmk.hr\/index.php?rest_route=\/wp\/v2\/users\/2"}],"replies":[{"embeddable":true,"href":"https:\/\/zbl.lzmk.hr\/index.php?rest_route=%2Fwp%2Fv2%2Fcomments&post=2979"}],"version-history":[{"count":0,"href":"https:\/\/zbl.lzmk.hr\/index.php?rest_route=\/wp\/v2\/posts\/2979\/revisions"}],"wp:attachment":[{"href":"https:\/\/zbl.lzmk.hr\/index.php?rest_route=%2Fwp%2Fv2%2Fmedia&parent=2979"}],"wp:term":[{"taxonomy":"category","embeddable":true,"href":"https:\/\/zbl.lzmk.hr\/index.php?rest_route=%2Fwp%2Fv2%2Fcategories&post=2979"},{"taxonomy":"post_tag","embeddable":true,"href":"https:\/\/zbl.lzmk.hr\/index.php?rest_route=%2Fwp%2Fv2%2Ftags&post=2979"}],"curies":[{"name":"wp","href":"https:\/\/api.w.org\/{rel}","templated":true}]}}