{"id":2971,"date":"2016-10-14T22:00:00","date_gmt":"2016-10-14T22:00:00","guid":{"rendered":""},"modified":"2016-10-14T22:00:00","modified_gmt":"2016-10-14T22:00:00","slug":"","status":"publish","type":"post","link":"https:\/\/zbl.lzmk.hr\/?p=2971","title":{"rendered":"BUBANJ, Remigij"},"content":{"rendered":"<p class=\"Normal\"><span class=\"Bold\">BUBANJ, Remigij, <\/span>lije\u010dnik (?, 1905 \u2013 ?logor, 1941). Sin Dragutina i Elvire ro\u0111. Deutsch. Nakon zavr\u0161enoga Medicinskoga fakulteta 1930. u Zagrebu, bio je lije\u010dnik u Udbini, a od 1935. kotarski lije\u010dnik u Krapini. Tako\u0111er je radio kao \u017eeljezni\u010dki i rudarski lije\u010dnik te u dje\u010djoj koloniji. Iako mu je otac bio \u00bbarijevac\u00ab, majka pokr\u0161tena \u017didovka, a on kr\u0161ten po ro\u0111enju, po uspostavi NDH, u lipnju 1941, otpu\u0161ten je iz slu\u017ebe, a u srpnju stavljen na popis \u00bbnepo\u0107udnih \u017didova u kotaru\u00ab. U kolovozu je uhi\u0107en i, s ostalim \u017didovima iz Krapine, odveden u logor u Gospi\u0107u. Njegovu uhi\u0107enju pridonijela je \u010dinjenica \u0161to mu je i supruga Herta bila \u017didovka. Iako je njegov brat Velimir u nekoliko navrata (od kolovoza do listopada 1941) molio da ga puste iz logora, najvjerojatnije je stradao u nekom od logora u gospi\u0107kom sustavu (Jadovno ili Slana na Pagu). Supruga je deportirana u logor Stara Gradi\u0161ka, ali je u travnju 1942. iz nepoznatih razloga pu\u0161tena.<\/p>\n<p class=\"Literatura\"><span class=\"SMALL-CAPS\">IZV.:<\/span> HDA, Ponova, br. 1076, Srpski odsjek, Op\u0107i spisi, kut. 442, 465\/1941. \u2013 HDA, RUR, \u017didovski odsjek, 28106. \u2013 HDA, UNS, kut. 1, 1-2-2, Ured upravitelja, 291\/1942. <\/p>\n","protected":false},"excerpt":{"rendered":"<p>BUBANJ, Remigij, lije\u010dnik (?, 1905 \u2013 ?logor, 1941). Sin Dragutina i Elvire ro\u0111. Deutsch. Nakon zavr\u0161enoga Medicinskoga fakulteta 1930. u Zagrebu, bio je lije\u010dnik u Udbini, a od 1935. kotarski lije\u010dnik u Krapini. Tako\u0111er je radio kao \u017eeljezni\u010dki i rudarski lije\u010dnik te u dje\u010djoj koloniji. Iako mu je otac bio \u00bbarijevac\u00ab, majka pokr\u0161tena \u017didovka, a &hellip; <a href=\"https:\/\/zbl.lzmk.hr\/?p=2971\" class=\"more-link\">Nastavi \u010ditati<span class=\"screen-reader-text\"> &#8220;BUBANJ, Remigij&#8221;<\/span><\/a><\/p>\n","protected":false},"author":2,"featured_media":0,"comment_status":"closed","ping_status":"open","sticky":false,"template":"","format":"standard","meta":{"footnotes":""},"categories":[2],"tags":[],"class_list":["post-2971","post","type-post","status-publish","format-standard","hentry","category-2"],"_links":{"self":[{"href":"https:\/\/zbl.lzmk.hr\/index.php?rest_route=\/wp\/v2\/posts\/2971"}],"collection":[{"href":"https:\/\/zbl.lzmk.hr\/index.php?rest_route=\/wp\/v2\/posts"}],"about":[{"href":"https:\/\/zbl.lzmk.hr\/index.php?rest_route=\/wp\/v2\/types\/post"}],"author":[{"embeddable":true,"href":"https:\/\/zbl.lzmk.hr\/index.php?rest_route=\/wp\/v2\/users\/2"}],"replies":[{"embeddable":true,"href":"https:\/\/zbl.lzmk.hr\/index.php?rest_route=%2Fwp%2Fv2%2Fcomments&post=2971"}],"version-history":[{"count":0,"href":"https:\/\/zbl.lzmk.hr\/index.php?rest_route=\/wp\/v2\/posts\/2971\/revisions"}],"wp:attachment":[{"href":"https:\/\/zbl.lzmk.hr\/index.php?rest_route=%2Fwp%2Fv2%2Fmedia&parent=2971"}],"wp:term":[{"taxonomy":"category","embeddable":true,"href":"https:\/\/zbl.lzmk.hr\/index.php?rest_route=%2Fwp%2Fv2%2Fcategories&post=2971"},{"taxonomy":"post_tag","embeddable":true,"href":"https:\/\/zbl.lzmk.hr\/index.php?rest_route=%2Fwp%2Fv2%2Ftags&post=2971"}],"curies":[{"name":"wp","href":"https:\/\/api.w.org\/{rel}","templated":true}]}}