{"id":2951,"date":"2016-10-14T22:00:00","date_gmt":"2016-10-14T22:00:00","guid":{"rendered":""},"modified":"2016-10-14T22:00:00","modified_gmt":"2016-10-14T22:00:00","slug":"","status":"publish","type":"post","link":"https:\/\/zbl.lzmk.hr\/?p=2951","title":{"rendered":"BROCH, Albert"},"content":{"rendered":"<p class=\"Normal\"><span class=\"Bold\">BROCH, Albert, <\/span>trgovac, javni djelatnik i \u017eid. aktivist (Vara\u017edin, 20. IX. 1850 \u2013 Vara\u017edin, 30. III. 1931). Sin Marka, utemeljitelja najve\u0107e vara\u017edinske trgovine \u017eitaricama. Bio je dugogodi\u0161nji gradski zastupnik i ugledni gra\u0111anin Vara\u017edina. Na izborima 1887. izabran je u I. izbornom kotaru grada te sve do I. svj. rata bio biran u Gradsko zastupstvo. Po\u010d. 1914. pristupio je, s prilogom od 100 kruna, vara\u017edinskoj podru\u017enici Hrvatske narodne stra\u017ee. Za zasluge na trg. polju odlikovan je Vite\u0161kim kri\u017eem reda Franje Josipa I. Obna\u0161ao je razli\u010dite du\u017enosti u \u017dO u Vara\u017edinu (\u010dlan Op\u0107inskoga odbora vi\u0161e od pedeset godina, predstojnik hrama), a 1913\u201319. bio je njezin predsjednik. Kad je krajem 1918. veliki \u017eupan grof Franjo Kulmer zatra\u017eio kontribuciju od \u017eid. zajednice, organizirao je prikupljanje novca. U znak priznanja za dugogodi\u0161nji rad, izabran je za do\u017eivotnoga po\u010dasnoga predsjednika \u017dO u Vara\u017edinu. \u2013 Njegov djed <span class=\"Italic\">Abraham<\/span> (? \u2013 ?) bio je vara\u017edinski rabin 1809\u201312, izvrstan poznavatelj Talmuda i mohel.<\/p>\n<p class=\"Literatura\"><span class=\"SMALL-CAPS\">LIT.:<\/span> Hrvatska stra\u017ea, 3(1887) 39. \u2013 Na\u0161e pravice, 11(1914) 3. \u2013 \u017didov, 11(1927) 49. \u2013 <span class=\"Italic\">Iz jugoslavenskih zemalja<\/span>. \u017didov, 2(1918) 23. \u2013 (Nekrolozi): Vara\u017edinske novosti, 2(1931) 58; br. 68; br. 69. \u2013 R. Horvat: <span class=\"Italic\">Povijest grada Vara\u017edina<\/span>. Vara\u017edin 1993. \u2013 I. Goldstein: <span class=\"Italic\">\u017didovi u Zagrebu 1918\u20131941. <\/span>Zagreb 2004.<\/p>\n","protected":false},"excerpt":{"rendered":"<p>BROCH, Albert, trgovac, javni djelatnik i \u017eid. aktivist (Vara\u017edin, 20. IX. 1850 \u2013 Vara\u017edin, 30. III. 1931). Sin Marka, utemeljitelja najve\u0107e vara\u017edinske trgovine \u017eitaricama. Bio je dugogodi\u0161nji gradski zastupnik i ugledni gra\u0111anin Vara\u017edina. Na izborima 1887. izabran je u I. izbornom kotaru grada te sve do I. svj. rata bio biran u Gradsko zastupstvo. Po\u010d. &hellip; <a href=\"https:\/\/zbl.lzmk.hr\/?p=2951\" class=\"more-link\">Nastavi \u010ditati<span class=\"screen-reader-text\"> &#8220;BROCH, Albert&#8221;<\/span><\/a><\/p>\n","protected":false},"author":2,"featured_media":0,"comment_status":"closed","ping_status":"open","sticky":false,"template":"","format":"standard","meta":{"footnotes":""},"categories":[2],"tags":[],"class_list":["post-2951","post","type-post","status-publish","format-standard","hentry","category-2"],"_links":{"self":[{"href":"https:\/\/zbl.lzmk.hr\/index.php?rest_route=\/wp\/v2\/posts\/2951"}],"collection":[{"href":"https:\/\/zbl.lzmk.hr\/index.php?rest_route=\/wp\/v2\/posts"}],"about":[{"href":"https:\/\/zbl.lzmk.hr\/index.php?rest_route=\/wp\/v2\/types\/post"}],"author":[{"embeddable":true,"href":"https:\/\/zbl.lzmk.hr\/index.php?rest_route=\/wp\/v2\/users\/2"}],"replies":[{"embeddable":true,"href":"https:\/\/zbl.lzmk.hr\/index.php?rest_route=%2Fwp%2Fv2%2Fcomments&post=2951"}],"version-history":[{"count":0,"href":"https:\/\/zbl.lzmk.hr\/index.php?rest_route=\/wp\/v2\/posts\/2951\/revisions"}],"wp:attachment":[{"href":"https:\/\/zbl.lzmk.hr\/index.php?rest_route=%2Fwp%2Fv2%2Fmedia&parent=2951"}],"wp:term":[{"taxonomy":"category","embeddable":true,"href":"https:\/\/zbl.lzmk.hr\/index.php?rest_route=%2Fwp%2Fv2%2Fcategories&post=2951"},{"taxonomy":"post_tag","embeddable":true,"href":"https:\/\/zbl.lzmk.hr\/index.php?rest_route=%2Fwp%2Fv2%2Ftags&post=2951"}],"curies":[{"name":"wp","href":"https:\/\/api.w.org\/{rel}","templated":true}]}}