{"id":2949,"date":"2016-10-14T22:00:00","date_gmt":"2016-10-14T22:00:00","guid":{"rendered":""},"modified":"2016-10-14T22:00:00","modified_gmt":"2016-10-14T22:00:00","slug":"","status":"publish","type":"post","link":"https:\/\/zbl.lzmk.hr\/?p=2949","title":{"rendered":"BRNEK KOSTI\u0106, Aleksandar (Bruck)"},"content":{"rendered":"<p class=\"Normal\"><span class=\"Bold\">BRNEK KOSTI\u0106, Aleksandar (Bruck),<\/span> limnolo\u0161ki kemi\u010dar (Sombor, Srbija, 5. III. 1920 \u2013 Be\u010d, 7. V. 1986). Po zavr\u0161etku realne gimnazije 1938. u Somboru, poha\u0111ao je studij kemije na Tehnolo\u0161kom fakultetu Sveu\u010dili\u0161ta u Zagrebu, s prekidom 1941\u201345. Po\u010d. II. svj. rata poslan je na prisilni rad, a od 1944. djelovao u partizanskom pokretu. Nakon diplomiranja 1950, najprije je radio u Biolo\u0161koj stanici u Ohridu, zatim u Institutu za slatkovodno ribarstvo i Institutu za biologiju Sveu\u010dili\u0161ta u Zagrebu, potom deset godina vodio Biolo\u0161ku stanicu na Plitvi\u010dkim jezerima. Poglavito se, zajedno sa suprugom Ljubicom, biologinjom, bavio istra\u017eivanjem postanka voda i geolo\u0161kog znamenovanja Plitvi\u010dkih jezera, pokazav\u0161i da su ona poseban tip sedreno-prijepre\u010denih biodinami\u010dnih jezera. O tom je pisao u <span class=\"Italic\">Plitvi\u010dkom biltenu<\/span> (1965) i ediciji <span class=\"Italic\">Plitvi\u010dka jezera<\/span> (1974). Bavio se i ekologijom Plitvi\u010dkih jezera (<span class=\"Italic\">Acta biologica iugoslavica,<\/span> 1977). Sudjelovao je u uklju\u010divanju Nacionalnoga parka Plitvi\u010dka jezera u svjetsku prirodnu ba\u0161tinu.<\/p>\n<p class=\"Literatura\"><span class=\"SMALL-CAPS\">LIT.:<\/span> S. Pau\u0161ek Ba\u017edar: <span class=\"Italic\">Brnek Kosti\u0107, Aleksandar<\/span>. Hrvatski biografski leksikon, 2. Zagreb 1989.<\/p>\n","protected":false},"excerpt":{"rendered":"<p>BRNEK KOSTI\u0106, Aleksandar (Bruck), limnolo\u0161ki kemi\u010dar (Sombor, Srbija, 5. III. 1920 \u2013 Be\u010d, 7. V. 1986). Po zavr\u0161etku realne gimnazije 1938. u Somboru, poha\u0111ao je studij kemije na Tehnolo\u0161kom fakultetu Sveu\u010dili\u0161ta u Zagrebu, s prekidom 1941\u201345. Po\u010d. II. svj. rata poslan je na prisilni rad, a od 1944. djelovao u partizanskom pokretu. Nakon diplomiranja 1950, &hellip; <a href=\"https:\/\/zbl.lzmk.hr\/?p=2949\" class=\"more-link\">Nastavi \u010ditati<span class=\"screen-reader-text\"> &#8220;BRNEK KOSTI\u0106, Aleksandar (Bruck)&#8221;<\/span><\/a><\/p>\n","protected":false},"author":2,"featured_media":0,"comment_status":"closed","ping_status":"open","sticky":false,"template":"","format":"standard","meta":{"footnotes":""},"categories":[2],"tags":[],"class_list":["post-2949","post","type-post","status-publish","format-standard","hentry","category-2"],"_links":{"self":[{"href":"https:\/\/zbl.lzmk.hr\/index.php?rest_route=\/wp\/v2\/posts\/2949"}],"collection":[{"href":"https:\/\/zbl.lzmk.hr\/index.php?rest_route=\/wp\/v2\/posts"}],"about":[{"href":"https:\/\/zbl.lzmk.hr\/index.php?rest_route=\/wp\/v2\/types\/post"}],"author":[{"embeddable":true,"href":"https:\/\/zbl.lzmk.hr\/index.php?rest_route=\/wp\/v2\/users\/2"}],"replies":[{"embeddable":true,"href":"https:\/\/zbl.lzmk.hr\/index.php?rest_route=%2Fwp%2Fv2%2Fcomments&post=2949"}],"version-history":[{"count":0,"href":"https:\/\/zbl.lzmk.hr\/index.php?rest_route=\/wp\/v2\/posts\/2949\/revisions"}],"wp:attachment":[{"href":"https:\/\/zbl.lzmk.hr\/index.php?rest_route=%2Fwp%2Fv2%2Fmedia&parent=2949"}],"wp:term":[{"taxonomy":"category","embeddable":true,"href":"https:\/\/zbl.lzmk.hr\/index.php?rest_route=%2Fwp%2Fv2%2Fcategories&post=2949"},{"taxonomy":"post_tag","embeddable":true,"href":"https:\/\/zbl.lzmk.hr\/index.php?rest_route=%2Fwp%2Fv2%2Ftags&post=2949"}],"curies":[{"name":"wp","href":"https:\/\/api.w.org\/{rel}","templated":true}]}}