{"id":2945,"date":"2016-10-14T22:00:00","date_gmt":"2016-10-14T22:00:00","guid":{"rendered":""},"modified":"2016-10-14T22:00:00","modified_gmt":"2016-10-14T22:00:00","slug":"","status":"publish","type":"post","link":"https:\/\/zbl.lzmk.hr\/?p=2945","title":{"rendered":"BRIHTA, \u017deljko (Brichta)"},"content":{"rendered":"<p class=\"Normal\"><span class=\"Bold\">BRIHTA, \u017deljko (Brichta), <\/span>novinar (Zagreb, 16. VI. 1929 \u2013 Zagreb, 3. X. 2006). Sin Milana i \u2192 Jolande. Nakon uspostave NDH s obitelji bje\u017ei iz Zagreba na podru\u010dje pod nadzorom tal. okupacijskih snaga, koje ih interniraju u logor u Kraljevici i potom u logor u Kamporu na Rabu. Nakon kapitulacije Italije u rujnu 1943, priklju\u010dio se partizanima te od lipnja 1944. bio kurir pri NOO Topusko i ZAVNOH. Od sije\u010dnja 1945. poha\u0111ao je partizansku gimnaziju u Glini, a nakon zavr\u0161etka II. svj. rata zagreba\u010dku II. mu\u0161ku gimnaziju, gdje je maturirao 1948. Nakon studija na Novinarsko-diplomatskoj visokoj \u0161koli u Beogradu (1948\u201350) radio je isprva u glasilu CK KPH <span class=\"Italic\">Naprijed,<\/span> a od 1. VIII. 1950. do umirovljenja u vanjskopoliti\u010dkom uredni\u0161tvu <span class=\"Italic\">Vjesnika,<\/span> s prekidom 1958\u201359, kad je radio u uredni\u0161tvu <span class=\"Italic\">Vjesnika u srijedu<\/span>. Bio je specijalni dopisnik iz Berlina (1952) sa \u010detvorne konferencije ministara vanjskih poslova o Njema\u010dkoj, iz Be\u010da (1953) i (1962) sa sastanka Hru\u0161\u010dov\u2013Kennedy, iz \u017deneve (1954) sa \u010detvorne konferencije predsj. dr\u017eava ili vlada o aktualnim njema\u010dkim i eur. pitanjima i (1961) s konferencije o jugoisto\u010dnoj Aziji te iz Beograda (1961) s Prve konferencije nesvrstanih, prvi hrv. poslijeratni stalni dopisnik iz Bonna (1954\u201358. i 1967\u201371) i Zapadnoga Berlina (1957\u201358), urednik vanjskopoliti\u010dke rubrike (1972\u201375) te kolumnist i komentator. Pisao je najvi\u0161e o problemima i te\u0161ko\u0107ama razvoja socijalizma u svijetu i Jugoslaviji. Kao umirovljenik sura\u0111ivao je u <span class=\"Italic\">Glasu Turopolja <\/span>te u <span class=\"Italic\">Vjesniku,<\/span> za koji je pisao kratke, sa\u017eete i jetke komentatorske glose kao odjeke na aktualna zbivanja. Dobio je nagradu Dru\u0161tva novinara Hrvatske (1954), nagradu Dru\u0161tva novinara Hrvatske \u00bbOtokar Ker\u0161ovani\u00ab (1986) te Zlatnu plaketu <span class=\"Italic\">Vjesnika<\/span> (1988).<\/p>\n<p class=\"Literatura\"><span class=\"SMALL-CAPS\">IZV.:<\/span> Arhiv HND. \u2013 K\u017dZ.<\/p>\n<p class=\"Literatura\"><span class=\"SMALL-CAPS\">LIT.:<\/span> J. Romano: <span class=\"Italic\">Jevreji Jugoslavije 1941\u20131945. \u017drtve genocida i u\u010desnici narodnooslobodila\u010dkog rata. <\/span>Beograd 1980. <span class=\"Italic\">\u2013 <\/span>Z. Munko: <span class=\"Italic\">Brihta, \u017deljko. <\/span>Hrvatski biografski leksikon, 2. Zagreb 1989. \u2013 D. Ungaro: <span class=\"Italic\">Brihta, \u017deljko.<\/span> Vjesnikov leksikon 1940\u20131950. Zagreb 1990. \u2013<span class=\"Bold\"> <\/span>A. Vojinovi\u0107: <span class=\"Italic\">Gastarbajter s dopisni\u010dkom akreditacijom.<\/span> Novinar, 62(2008) 1. <\/p>\n","protected":false},"excerpt":{"rendered":"<p>BRIHTA, \u017deljko (Brichta), novinar (Zagreb, 16. VI. 1929 \u2013 Zagreb, 3. X. 2006). Sin Milana i \u2192 Jolande. Nakon uspostave NDH s obitelji bje\u017ei iz Zagreba na podru\u010dje pod nadzorom tal. okupacijskih snaga, koje ih interniraju u logor u Kraljevici i potom u logor u Kamporu na Rabu. Nakon kapitulacije Italije u rujnu 1943, priklju\u010dio &hellip; <a href=\"https:\/\/zbl.lzmk.hr\/?p=2945\" class=\"more-link\">Nastavi \u010ditati<span class=\"screen-reader-text\"> &#8220;BRIHTA, \u017deljko (Brichta)&#8221;<\/span><\/a><\/p>\n","protected":false},"author":2,"featured_media":0,"comment_status":"closed","ping_status":"open","sticky":false,"template":"","format":"standard","meta":{"footnotes":""},"categories":[2],"tags":[],"class_list":["post-2945","post","type-post","status-publish","format-standard","hentry","category-2"],"_links":{"self":[{"href":"https:\/\/zbl.lzmk.hr\/index.php?rest_route=\/wp\/v2\/posts\/2945"}],"collection":[{"href":"https:\/\/zbl.lzmk.hr\/index.php?rest_route=\/wp\/v2\/posts"}],"about":[{"href":"https:\/\/zbl.lzmk.hr\/index.php?rest_route=\/wp\/v2\/types\/post"}],"author":[{"embeddable":true,"href":"https:\/\/zbl.lzmk.hr\/index.php?rest_route=\/wp\/v2\/users\/2"}],"replies":[{"embeddable":true,"href":"https:\/\/zbl.lzmk.hr\/index.php?rest_route=%2Fwp%2Fv2%2Fcomments&post=2945"}],"version-history":[{"count":0,"href":"https:\/\/zbl.lzmk.hr\/index.php?rest_route=\/wp\/v2\/posts\/2945\/revisions"}],"wp:attachment":[{"href":"https:\/\/zbl.lzmk.hr\/index.php?rest_route=%2Fwp%2Fv2%2Fmedia&parent=2945"}],"wp:term":[{"taxonomy":"category","embeddable":true,"href":"https:\/\/zbl.lzmk.hr\/index.php?rest_route=%2Fwp%2Fv2%2Fcategories&post=2945"},{"taxonomy":"post_tag","embeddable":true,"href":"https:\/\/zbl.lzmk.hr\/index.php?rest_route=%2Fwp%2Fv2%2Ftags&post=2945"}],"curies":[{"name":"wp","href":"https:\/\/api.w.org\/{rel}","templated":true}]}}