{"id":2937,"date":"2016-10-14T22:00:00","date_gmt":"2016-10-14T22:00:00","guid":{"rendered":""},"modified":"2016-10-14T22:00:00","modified_gmt":"2016-10-14T22:00:00","slug":"","status":"publish","type":"post","link":"https:\/\/zbl.lzmk.hr\/?p=2937","title":{"rendered":"BREYER, Vilim"},"content":{"rendered":"<p class=\"Normal\"><span class=\"Bold\">BREYER, Vilim, <\/span>pravnik (Kri\u017eevci, 28. XI. 1863 \u2013 Kri\u017eevci, 24. IV. 1911). Bio je odvjetnik u Kri\u017eevcima i predsj. pjeva\u010dkoga dru\u0161tva \u00bbZvono\u00ab.<\/p>\n<p class=\"Literatura\"><span class=\"SMALL-CAPS\">LIT.:<\/span> R. Milosavljevi\u0107: <span class=\"Italic\">Biografije istaknutih kri\u017eeva\u010dkih Jevreja<\/span>. Beograd 2000.<\/p>\n","protected":false},"excerpt":{"rendered":"<p>BREYER, Vilim, pravnik (Kri\u017eevci, 28. XI. 1863 \u2013 Kri\u017eevci, 24. IV. 1911). Bio je odvjetnik u Kri\u017eevcima i predsj. pjeva\u010dkoga dru\u0161tva \u00bbZvono\u00ab. LIT.: R. Milosavljevi\u0107: Biografije istaknutih kri\u017eeva\u010dkih Jevreja. Beograd 2000.<\/p>\n","protected":false},"author":2,"featured_media":0,"comment_status":"closed","ping_status":"open","sticky":false,"template":"","format":"standard","meta":{"footnotes":""},"categories":[2],"tags":[],"class_list":["post-2937","post","type-post","status-publish","format-standard","hentry","category-2"],"_links":{"self":[{"href":"https:\/\/zbl.lzmk.hr\/index.php?rest_route=\/wp\/v2\/posts\/2937"}],"collection":[{"href":"https:\/\/zbl.lzmk.hr\/index.php?rest_route=\/wp\/v2\/posts"}],"about":[{"href":"https:\/\/zbl.lzmk.hr\/index.php?rest_route=\/wp\/v2\/types\/post"}],"author":[{"embeddable":true,"href":"https:\/\/zbl.lzmk.hr\/index.php?rest_route=\/wp\/v2\/users\/2"}],"replies":[{"embeddable":true,"href":"https:\/\/zbl.lzmk.hr\/index.php?rest_route=%2Fwp%2Fv2%2Fcomments&post=2937"}],"version-history":[{"count":0,"href":"https:\/\/zbl.lzmk.hr\/index.php?rest_route=\/wp\/v2\/posts\/2937\/revisions"}],"wp:attachment":[{"href":"https:\/\/zbl.lzmk.hr\/index.php?rest_route=%2Fwp%2Fv2%2Fmedia&parent=2937"}],"wp:term":[{"taxonomy":"category","embeddable":true,"href":"https:\/\/zbl.lzmk.hr\/index.php?rest_route=%2Fwp%2Fv2%2Fcategories&post=2937"},{"taxonomy":"post_tag","embeddable":true,"href":"https:\/\/zbl.lzmk.hr\/index.php?rest_route=%2Fwp%2Fv2%2Ftags&post=2937"}],"curies":[{"name":"wp","href":"https:\/\/api.w.org\/{rel}","templated":true}]}}