{"id":2935,"date":"2016-10-14T22:00:00","date_gmt":"2016-10-14T22:00:00","guid":{"rendered":""},"modified":"2016-10-14T22:00:00","modified_gmt":"2016-10-14T22:00:00","slug":"","status":"publish","type":"post","link":"https:\/\/zbl.lzmk.hr\/?p=2935","title":{"rendered":"BREYER, Pavao"},"content":{"rendered":"<p class=\"Normal\"><span class=\"Bold\">BREYER, Pavao, <\/span>knji\u017ear (Kri\u017eevci, 1904 \u2013 Vis, ljeto 1944). Nakon studija u Zagrebu otvorio je knji\u017earu u Masarykovoj ul. u Zagrebu specijaliziranu za nabavu knjiga iz inozemstva, posebice njema\u010dke iseljeni\u010dke knji\u017eevnosti, koja se velikim dijelom ticala \u017didova. Jo\u0161 na studiju pridru\u017eio se komunistima. God. 1928. bio je uhi\u0107en te su\u0111en zajedno s Josipom Brozom Titom (tzv. bomba\u0161ki proces); no zbog nedostatka dokaza bio je oslobo\u0111en. Nakon su\u0111enja nastavio je ilegalnu komunisti\u010dku djelatnost zbog \u010dega je izme\u0111u 1928. i 1936. bio vi\u0161e puta uhi\u0107en, a po\u010d. 1936. osu\u0111en na godinu dana robije; jugoslav. policija opisala ga je 1930. kao \u00bbokorelog komunista\u00ab. Po izlasku iz zatvora zanemario je polit. djelatnost i radio u svojoj knji\u017eari, zbog \u010dega ga je Tito u svom izvje\u0161taju Kominterni opisao kao osobu nedostojnu povjerenja komunista. Po uspostavi NDH prebjegao je u Italiju, a njegova imovina bila je zaplijenjena. U Hrvatsku se vratio 1943. i pridru\u017eio partizanima. U ljeto 1944. boravio je na Visu, gdje je bio optu\u017een kao brit. \u0161pijun i strijeljan. \u2013 Sestra <span class=\"Italic\">Eli (Ela),<\/span> slu\u017ebenica (Kri\u017eevci, 1910 \u2013  Zagreb, 25. IX. 1995). Udala se 1930-ih za in\u017eenejra To\u0161u Cara, ljevi\u010dara krle\u017eijanske orijentacije. Po uspostavi NDH suprug je ubijen, a ona je prebjegla u tal. okupacijsku zonu, a potom u Italiju. God. 1944. preko Barija vratila se u Hrvatsku. Nakon rata radila je kao slu\u017ebenica; najdulje kao tajnica uprave Izdava\u010dko-knji\u017earskoga poduze\u0107a \u00bbMladost\u00ab. <\/p>\n<p class=\"Literatura\"><span class=\"SMALL-CAPS\">IZV.:<\/span> HDA, SBUO, kut. 24. \u2013 Podaci o ulazniku S. Goldstein i V. Zori\u010di\u0107 ro\u0111. Schwabenitz. \u2013 Telefonski imenik 1941.<\/p>\n<p class=\"Literatura\"><span class=\"SMALL-CAPS\">LIT.:<\/span> M. Sobolevski: <span class=\"Italic\">Bomba\u0161ki proces Josipu Brozu. <\/span>Zagreb 1977. \u2013 J. Broz Tito: <span class=\"Italic\">Sabrana djela,<\/span> 2\u20134. Zagreb 1983. Zagreb 1983. \u2013 I. i S. Goldstein: <span class=\"Italic\">Holokaust u Zagrebu.<\/span> Zagreb 2001. \u2013 B. Janjatovi\u0107: <span class=\"Italic\">Politi\u010dki teror u Hrvatskoj 1918.\u20131935. <\/span>Zagreb 2002. \u2013 I. Goldstein: <span class=\"Italic\">\u017didovi u Zagrebu 1918\u20131941.<\/span> Zagreb 2004. <\/p>\n","protected":false},"excerpt":{"rendered":"<p>BREYER, Pavao, knji\u017ear (Kri\u017eevci, 1904 \u2013 Vis, ljeto 1944). Nakon studija u Zagrebu otvorio je knji\u017earu u Masarykovoj ul. u Zagrebu specijaliziranu za nabavu knjiga iz inozemstva, posebice njema\u010dke iseljeni\u010dke knji\u017eevnosti, koja se velikim dijelom ticala \u017didova. Jo\u0161 na studiju pridru\u017eio se komunistima. God. 1928. bio je uhi\u0107en te su\u0111en zajedno s Josipom Brozom Titom &hellip; <a href=\"https:\/\/zbl.lzmk.hr\/?p=2935\" class=\"more-link\">Nastavi \u010ditati<span class=\"screen-reader-text\"> &#8220;BREYER, Pavao&#8221;<\/span><\/a><\/p>\n","protected":false},"author":2,"featured_media":0,"comment_status":"closed","ping_status":"open","sticky":false,"template":"","format":"standard","meta":{"footnotes":""},"categories":[2],"tags":[],"class_list":["post-2935","post","type-post","status-publish","format-standard","hentry","category-2"],"_links":{"self":[{"href":"https:\/\/zbl.lzmk.hr\/index.php?rest_route=\/wp\/v2\/posts\/2935"}],"collection":[{"href":"https:\/\/zbl.lzmk.hr\/index.php?rest_route=\/wp\/v2\/posts"}],"about":[{"href":"https:\/\/zbl.lzmk.hr\/index.php?rest_route=\/wp\/v2\/types\/post"}],"author":[{"embeddable":true,"href":"https:\/\/zbl.lzmk.hr\/index.php?rest_route=\/wp\/v2\/users\/2"}],"replies":[{"embeddable":true,"href":"https:\/\/zbl.lzmk.hr\/index.php?rest_route=%2Fwp%2Fv2%2Fcomments&post=2935"}],"version-history":[{"count":0,"href":"https:\/\/zbl.lzmk.hr\/index.php?rest_route=\/wp\/v2\/posts\/2935\/revisions"}],"wp:attachment":[{"href":"https:\/\/zbl.lzmk.hr\/index.php?rest_route=%2Fwp%2Fv2%2Fmedia&parent=2935"}],"wp:term":[{"taxonomy":"category","embeddable":true,"href":"https:\/\/zbl.lzmk.hr\/index.php?rest_route=%2Fwp%2Fv2%2Fcategories&post=2935"},{"taxonomy":"post_tag","embeddable":true,"href":"https:\/\/zbl.lzmk.hr\/index.php?rest_route=%2Fwp%2Fv2%2Ftags&post=2935"}],"curies":[{"name":"wp","href":"https:\/\/api.w.org\/{rel}","templated":true}]}}