{"id":2930,"date":"2016-10-14T22:00:00","date_gmt":"2016-10-14T22:00:00","guid":{"rendered":""},"modified":"2016-10-14T22:00:00","modified_gmt":"2016-10-14T22:00:00","slug":"","status":"publish","type":"post","link":"https:\/\/zbl.lzmk.hr\/?p=2930","title":{"rendered":"BREYER, Marko"},"content":{"rendered":"<p class=\"Normal\"><span class=\"Bold\">BREYER, Marko, <\/span>trgovac i javni djelatnik (Kri\u017eevci, 21. III. 1938 \u2013 Kri\u017eevci, nakon 1908). Sin \u2192 Jakoba i Marije ro\u0111. Hirschsohn. S Emom ro\u0111. Hochsinger iz \u010cakovca, otac je \u2192 Mirka, \u017dige i Adolfa. Oko 1850-ih stupio je u trg. nauk kod \u2192 F. Leitnera u Vara\u017edinu, a nakon godinu dana u Kri\u017eevcima zavr\u0161io nauk u obiteljskoj trgovini mje\u0161ovitom robom \u00bbJakoba Breyera sinovi.\u00ab God. 1854\u201357. radio je kao trgova\u010dki pomo\u0107nik u trgovini manufakturnom robom \u00bbKornitzer i Klein\u00ab u Zagrebu, potom kao pomo\u0107nik u Koprivnici i Kri\u017eevcima, a 1861. u Vara\u017edinu je s Fischerom otvorio trgovinu mirodijama i zemaljskim plodinama. S pekarom Polanskym i F. Mayerom 1864. osnovao je Prvo hrvatsko dobrovoljno vatrogasno dru\u0161tvo, najstarije u Hrvatskoj, a 1865. sudjelovao je na VI. kongresu njem. vatrogasaca u Lipskom. U Kri\u017eevcima je 1868. otvorio trgovinu rukotvorinama i pomodnom robom, koju je vodio do 1904, posljednjih godina sa sinom Mirkom. Unaprijedio je ku\u0107ni tkala\u010dki obrt u Kri\u017eevcima i okolici, a sudjelovao je na gospodarskim izlo\u017ebama u Zagrebu, Budimpe\u0161ti i Be\u010du. Tako\u0111er je bio suosniva\u010d Dioni\u010dke \u0161tedione kri\u017eeva\u010dke 1872, kojom je upravljao i bio poslovni ravnatelj. God. 1875\u20131905. bio je kri\u017eeva\u010dki gradski zastupnik, a 1889\u20131895. podna\u010delnik Kri\u017eevaca za \u0161to je odlikovan 1892. Zlatnim krstom za zasluge s krunom. Tako\u0111er je bio trg. prisjednik pri sudbenom stolu \u017eupanije kri\u017eeva\u010dke i pri kri\u017eeva\u010dkom Kotarskom sudu, blagajnik i promicatelj Dru\u0161tva crvenoga kri\u017ea i od 1875. predsj. \u017dO u Kri\u017eevcima. Pohrvatio je bogoslu\u017eje i sagradio novu kri\u017eeva\u010dku sinagogu, koju je 1895. posvetio \u2192 G. Schwarz. <\/p>\n<p class=\"Literatura\"><span class=\"SMALL-CAPS\">LIT.:<\/span> R. Milosavljevi\u0107: <span class=\"Italic\">Biografije istaknutih kri\u017eeva\u010dkih Jevreja. <\/span>Beograd 2000. \u2013 <span class=\"Italic\">Marko Breyer 1838\u20131908, nekoliko listova uspomena uo\u010di sedamdesetogodi\u0161njice njegove, napisao sin mu Mirko Breyer,<\/span> <span class=\"Italic\">Rediviva. Novi Omanut 16(2008)91.<\/span><\/p>\n","protected":false},"excerpt":{"rendered":"<p>BREYER, Marko, trgovac i javni djelatnik (Kri\u017eevci, 21. III. 1938 \u2013 Kri\u017eevci, nakon 1908). Sin \u2192 Jakoba i Marije ro\u0111. Hirschsohn. S Emom ro\u0111. Hochsinger iz \u010cakovca, otac je \u2192 Mirka, \u017dige i Adolfa. Oko 1850-ih stupio je u trg. nauk kod \u2192 F. Leitnera u Vara\u017edinu, a nakon godinu dana u Kri\u017eevcima zavr\u0161io nauk &hellip; <a href=\"https:\/\/zbl.lzmk.hr\/?p=2930\" class=\"more-link\">Nastavi \u010ditati<span class=\"screen-reader-text\"> &#8220;BREYER, Marko&#8221;<\/span><\/a><\/p>\n","protected":false},"author":2,"featured_media":0,"comment_status":"closed","ping_status":"open","sticky":false,"template":"","format":"standard","meta":{"footnotes":""},"categories":[2],"tags":[],"class_list":["post-2930","post","type-post","status-publish","format-standard","hentry","category-2"],"_links":{"self":[{"href":"https:\/\/zbl.lzmk.hr\/index.php?rest_route=\/wp\/v2\/posts\/2930"}],"collection":[{"href":"https:\/\/zbl.lzmk.hr\/index.php?rest_route=\/wp\/v2\/posts"}],"about":[{"href":"https:\/\/zbl.lzmk.hr\/index.php?rest_route=\/wp\/v2\/types\/post"}],"author":[{"embeddable":true,"href":"https:\/\/zbl.lzmk.hr\/index.php?rest_route=\/wp\/v2\/users\/2"}],"replies":[{"embeddable":true,"href":"https:\/\/zbl.lzmk.hr\/index.php?rest_route=%2Fwp%2Fv2%2Fcomments&post=2930"}],"version-history":[{"count":0,"href":"https:\/\/zbl.lzmk.hr\/index.php?rest_route=\/wp\/v2\/posts\/2930\/revisions"}],"wp:attachment":[{"href":"https:\/\/zbl.lzmk.hr\/index.php?rest_route=%2Fwp%2Fv2%2Fmedia&parent=2930"}],"wp:term":[{"taxonomy":"category","embeddable":true,"href":"https:\/\/zbl.lzmk.hr\/index.php?rest_route=%2Fwp%2Fv2%2Fcategories&post=2930"},{"taxonomy":"post_tag","embeddable":true,"href":"https:\/\/zbl.lzmk.hr\/index.php?rest_route=%2Fwp%2Fv2%2Ftags&post=2930"}],"curies":[{"name":"wp","href":"https:\/\/api.w.org\/{rel}","templated":true}]}}