{"id":2915,"date":"2016-10-14T22:00:00","date_gmt":"2016-10-14T22:00:00","guid":{"rendered":""},"modified":"2016-10-14T22:00:00","modified_gmt":"2016-10-14T22:00:00","slug":"","status":"publish","type":"post","link":"https:\/\/zbl.lzmk.hr\/?p=2915","title":{"rendered":"BRESSLAUER, Albert (De\u010dko)"},"content":{"rendered":"<p class=\"Normal\"><span class=\"Bold\">BRESSLAUER, Albert (De\u010dko), <\/span>revolucionar (Vinkovci, 11. IX. 1920 \u2013 okolica Topuskoga, krajem 1944). Sin Mavra i Friede ro\u0111. Bier. U me\u0111uratnom razdoblju bio je student veterine u Zagrebu. Po uspostavi NDH s roditeljima i bratom iz Vinkovaca u svibnju 1942. bje\u017eao je prema tal. zoni. Roditelji su izme\u0111u Zagreba i Karlovca skinuti s vlaka te su stradali u Jasenovcu, dok su on i brat s krivotvorenim putovnicama sa \u017eigom zagreba\u010dkoga redarstva propu\u0161teni te stigli do Crikvenice. Internirani su u logore u Kraljevici i Kamporu na Rabu. Nakon kapitulacije Italije u rujnu 1943, pridru\u017eio se \u017didovskomu rapskomu bataljonu, a potom 8. korduna\u0161koj diviziji. Prema nekim izvorima strijeljan pod sumnjom da je kupovao ili prodavao stranu valutu Britancima, a prema drugima jer je \u010duvao zlatnike, koje su mu dali roditelji. \u2013 Brat <span class=\"Italic\">Pavle<\/span> <span class=\"Italic\">(Pajo), <\/span>revolucionar (Vinkovci, 7. I. 1922 \u2013 Krnjak, VI. 1944) s bratom je stigao u Crikvenicu i bio interniran u logore u Kraljevici i Kamporu na Rabu te se 1943. priklju\u010dio \u017didovskomu rapskomu bataljonu i 7. banijskoj diviziji kao mitraljezac. Poginuo je tijekom 6. neprijateljske ofenzive u borbi protiv \u010cerkeza.<\/p>\n<p class=\"Literatura\"><span class=\"SMALL-CAPS\">IZV.:<\/span> HDA, RUR, \u017didovski odsjek, 29341.<\/p>\n<p class=\"Literatura\"><span class=\"SMALL-CAPS\">LIT.:<\/span> J. Romano: <span class=\"Italic\">Jevreji Jugoslavije<\/span> <span class=\"Italic\">1941\u20131945. \u017drtve genocida i u\u010desnici narodnooslobodila\u010dkog rata<\/span>. Beograd 1980. \u2013 Bilten \u017dOZ, 1993, 31\/32. \u2013 I. i S. Goldstein: <span class=\"Italic\">Holokaust u Zag<\/span>rebu. Zagreb 2001. \u2013 T. \u0160ali\u0107: <span class=\"Italic\">\u017didovi u Vinkovcima i okolici<\/span>. Osijek\u2013Zagreb 2002.<\/p>\n","protected":false},"excerpt":{"rendered":"<p>BRESSLAUER, Albert (De\u010dko), revolucionar (Vinkovci, 11. IX. 1920 \u2013 okolica Topuskoga, krajem 1944). Sin Mavra i Friede ro\u0111. Bier. U me\u0111uratnom razdoblju bio je student veterine u Zagrebu. Po uspostavi NDH s roditeljima i bratom iz Vinkovaca u svibnju 1942. bje\u017eao je prema tal. zoni. Roditelji su izme\u0111u Zagreba i Karlovca skinuti s vlaka te &hellip; <a href=\"https:\/\/zbl.lzmk.hr\/?p=2915\" class=\"more-link\">Nastavi \u010ditati<span class=\"screen-reader-text\"> &#8220;BRESSLAUER, Albert (De\u010dko)&#8221;<\/span><\/a><\/p>\n","protected":false},"author":2,"featured_media":0,"comment_status":"closed","ping_status":"open","sticky":false,"template":"","format":"standard","meta":{"footnotes":""},"categories":[2],"tags":[],"class_list":["post-2915","post","type-post","status-publish","format-standard","hentry","category-2"],"_links":{"self":[{"href":"https:\/\/zbl.lzmk.hr\/index.php?rest_route=\/wp\/v2\/posts\/2915"}],"collection":[{"href":"https:\/\/zbl.lzmk.hr\/index.php?rest_route=\/wp\/v2\/posts"}],"about":[{"href":"https:\/\/zbl.lzmk.hr\/index.php?rest_route=\/wp\/v2\/types\/post"}],"author":[{"embeddable":true,"href":"https:\/\/zbl.lzmk.hr\/index.php?rest_route=\/wp\/v2\/users\/2"}],"replies":[{"embeddable":true,"href":"https:\/\/zbl.lzmk.hr\/index.php?rest_route=%2Fwp%2Fv2%2Fcomments&post=2915"}],"version-history":[{"count":0,"href":"https:\/\/zbl.lzmk.hr\/index.php?rest_route=\/wp\/v2\/posts\/2915\/revisions"}],"wp:attachment":[{"href":"https:\/\/zbl.lzmk.hr\/index.php?rest_route=%2Fwp%2Fv2%2Fmedia&parent=2915"}],"wp:term":[{"taxonomy":"category","embeddable":true,"href":"https:\/\/zbl.lzmk.hr\/index.php?rest_route=%2Fwp%2Fv2%2Fcategories&post=2915"},{"taxonomy":"post_tag","embeddable":true,"href":"https:\/\/zbl.lzmk.hr\/index.php?rest_route=%2Fwp%2Fv2%2Ftags&post=2915"}],"curies":[{"name":"wp","href":"https:\/\/api.w.org\/{rel}","templated":true}]}}