{"id":2914,"date":"2016-10-14T22:00:00","date_gmt":"2016-10-14T22:00:00","guid":{"rendered":""},"modified":"2016-10-14T22:00:00","modified_gmt":"2016-10-14T22:00:00","slug":"","status":"publish","type":"post","link":"https:\/\/zbl.lzmk.hr\/?p=2914","title":{"rendered":"BRESSLAUER, Adolf"},"content":{"rendered":"<p class=\"Normal\"><span class=\"Bold\">BRESSLAUER, Adolf, <\/span>in\u017eenjer (Rijeka, 22. X. 1894 \u2013 Zagreb, 3. X. 1962). Sin Izidora i Berte ro\u0111. Kolmar. S obitelji je \u017eivio u Zagrebu od 1898. Za I. svj. rata bio je mobiliziran u austroug. vojsku, a 1918. vratio se u Zagreb. Nakon \u0161to je dobio 1925. ovla\u0161tenje za rad od Ministarstva gra\u0111evina Kraljevine SHS djelovao je do 1941. kao strojarski in\u017eenjer u poduze\u0107u \u00bbShell\u00ab. Bio je \u010dlan Zagreba\u010dke in\u017eenjerske komore. Po uspostavi NDH preuzeo je \u017eid. znak i bio otpu\u0161ten. Ve\u0107 u srpnju 1941. zaveden u popis vlastima NDH neophodno potrebnih stru\u010dnjaka, oslobo\u0111en no\u0161enja \u017eid. znaka te za\u0161ti\u0107en jer mu je druga supruga Draga ro\u0111. Glojnari\u0107 bila \u00bbarijevka\u00ab. \u010cini se da je II. svj. rat pre\u017eivio u Zagrebu. U prvom braku s Gretom, preudatom Gjankovi\u0107, imao je sina \u2192 Dana Gjankovi\u0107a, kojeg je poslije posvojio o\u010duh.<\/p>\n<p class=\"Literatura\"><span class=\"SMALL-CAPS\">IZV.:<\/span> HDA, Ponova, Prijava imetka, kut. 663. \u2013 HDA, Ponova, br. 1076, Srpski odsjek, Op\u0107i spisi, kut. 441, 41\/1941. \u2013 K\u017dZ. \u2013 Telefonski imenik 1941.<\/p>\n<p class=\"Literatura\"><span class=\"SMALL-CAPS\">LIT.:<\/span> M. \u0160vob: <span class=\"Italic\">\u017didovi u Hrvatskoj, <\/span>2. Zagreb 2004.<\/p>\n","protected":false},"excerpt":{"rendered":"<p>BRESSLAUER, Adolf, in\u017eenjer (Rijeka, 22. X. 1894 \u2013 Zagreb, 3. X. 1962). Sin Izidora i Berte ro\u0111. Kolmar. S obitelji je \u017eivio u Zagrebu od 1898. Za I. svj. rata bio je mobiliziran u austroug. vojsku, a 1918. vratio se u Zagreb. Nakon \u0161to je dobio 1925. ovla\u0161tenje za rad od Ministarstva gra\u0111evina Kraljevine SHS &hellip; <a href=\"https:\/\/zbl.lzmk.hr\/?p=2914\" class=\"more-link\">Nastavi \u010ditati<span class=\"screen-reader-text\"> &#8220;BRESSLAUER, Adolf&#8221;<\/span><\/a><\/p>\n","protected":false},"author":2,"featured_media":0,"comment_status":"closed","ping_status":"open","sticky":false,"template":"","format":"standard","meta":{"footnotes":""},"categories":[2],"tags":[],"class_list":["post-2914","post","type-post","status-publish","format-standard","hentry","category-2"],"_links":{"self":[{"href":"https:\/\/zbl.lzmk.hr\/index.php?rest_route=\/wp\/v2\/posts\/2914"}],"collection":[{"href":"https:\/\/zbl.lzmk.hr\/index.php?rest_route=\/wp\/v2\/posts"}],"about":[{"href":"https:\/\/zbl.lzmk.hr\/index.php?rest_route=\/wp\/v2\/types\/post"}],"author":[{"embeddable":true,"href":"https:\/\/zbl.lzmk.hr\/index.php?rest_route=\/wp\/v2\/users\/2"}],"replies":[{"embeddable":true,"href":"https:\/\/zbl.lzmk.hr\/index.php?rest_route=%2Fwp%2Fv2%2Fcomments&post=2914"}],"version-history":[{"count":0,"href":"https:\/\/zbl.lzmk.hr\/index.php?rest_route=\/wp\/v2\/posts\/2914\/revisions"}],"wp:attachment":[{"href":"https:\/\/zbl.lzmk.hr\/index.php?rest_route=%2Fwp%2Fv2%2Fmedia&parent=2914"}],"wp:term":[{"taxonomy":"category","embeddable":true,"href":"https:\/\/zbl.lzmk.hr\/index.php?rest_route=%2Fwp%2Fv2%2Fcategories&post=2914"},{"taxonomy":"post_tag","embeddable":true,"href":"https:\/\/zbl.lzmk.hr\/index.php?rest_route=%2Fwp%2Fv2%2Ftags&post=2914"}],"curies":[{"name":"wp","href":"https:\/\/api.w.org\/{rel}","templated":true}]}}