{"id":2911,"date":"2016-10-14T22:00:00","date_gmt":"2016-10-14T22:00:00","guid":{"rendered":""},"modified":"2016-10-14T22:00:00","modified_gmt":"2016-10-14T22:00:00","slug":"","status":"publish","type":"post","link":"https:\/\/zbl.lzmk.hr\/?p=2911","title":{"rendered":"BREINER, Gottfredo"},"content":{"rendered":"<p class=\"Normal\"><span class=\"Bold\">BREINER, Gottfredo, <\/span>turisti\u010dki djelatnik (Gleichenberg, Austrija, 25. IV. 1885 \u2013 ?). Bio je hotelijer iz Opatije, vlasnik pansiona \u00bbBreiner\u00ab (danas hotel \u00bbKristal\u00ab) u kojem se 1920-ih obavljalo bogoslu\u017eje i djelovala obredna kuhinja. Po\u010d. 1945. s obitelji se pred nacisti\u010dkim progonima u Opatiji sklonio u selo Sv. Ivan na otoku Cresu, gdje su ih otkrile njem. trupe u velja\u010di iste god. Uhi\u0107eni su 19. II. 1945. i zato\u010deni kra\u0107e vrijeme u rije\u010dkom zatvoru, a nakon toga preba\u010deni su na Su\u0161ak u sjedi\u0161te Ispostave policije sigurnosti te podvrgnuti istra\u017enom postupku zbog podataka o skrivenim dragocjenostima. Potom su otpremljeni u tr\u0161\u0107ansku Ri\u017earnu, gdje su zadr\u017eani do kraja travnja 1945, kad ih je zatvorska uprava, na partizanski zahtjev, s preostalim zatvorenicima, pustila na slobodu. <\/p>\n<p class=\"Literatura\"><span class=\"SMALL-CAPS\">LIT.:<\/span> T. Morgani: <span class=\"Italic\">Ebrei di Fiume e di Abbazia (1441.\u20131945.). <\/span>Rim 1979. \u2013 A. Muzur: <span class=\"Italic\">Opatijska Zora, pri\u010da o jednom simbolu. <\/span>Opatija 1997. \u2013 A. Giron: <span class=\"Italic\">\u017didovsko pitanje u op\u0107ini Opatija. <\/span>Problemi sjevernog Jadrana, 2000, 7. <\/p>\n","protected":false},"excerpt":{"rendered":"<p>BREINER, Gottfredo, turisti\u010dki djelatnik (Gleichenberg, Austrija, 25. IV. 1885 \u2013 ?). Bio je hotelijer iz Opatije, vlasnik pansiona \u00bbBreiner\u00ab (danas hotel \u00bbKristal\u00ab) u kojem se 1920-ih obavljalo bogoslu\u017eje i djelovala obredna kuhinja. Po\u010d. 1945. s obitelji se pred nacisti\u010dkim progonima u Opatiji sklonio u selo Sv. Ivan na otoku Cresu, gdje su ih otkrile njem. &hellip; <a href=\"https:\/\/zbl.lzmk.hr\/?p=2911\" class=\"more-link\">Nastavi \u010ditati<span class=\"screen-reader-text\"> &#8220;BREINER, Gottfredo&#8221;<\/span><\/a><\/p>\n","protected":false},"author":2,"featured_media":0,"comment_status":"closed","ping_status":"open","sticky":false,"template":"","format":"standard","meta":{"footnotes":""},"categories":[2],"tags":[],"class_list":["post-2911","post","type-post","status-publish","format-standard","hentry","category-2"],"_links":{"self":[{"href":"https:\/\/zbl.lzmk.hr\/index.php?rest_route=\/wp\/v2\/posts\/2911"}],"collection":[{"href":"https:\/\/zbl.lzmk.hr\/index.php?rest_route=\/wp\/v2\/posts"}],"about":[{"href":"https:\/\/zbl.lzmk.hr\/index.php?rest_route=\/wp\/v2\/types\/post"}],"author":[{"embeddable":true,"href":"https:\/\/zbl.lzmk.hr\/index.php?rest_route=\/wp\/v2\/users\/2"}],"replies":[{"embeddable":true,"href":"https:\/\/zbl.lzmk.hr\/index.php?rest_route=%2Fwp%2Fv2%2Fcomments&post=2911"}],"version-history":[{"count":0,"href":"https:\/\/zbl.lzmk.hr\/index.php?rest_route=\/wp\/v2\/posts\/2911\/revisions"}],"wp:attachment":[{"href":"https:\/\/zbl.lzmk.hr\/index.php?rest_route=%2Fwp%2Fv2%2Fmedia&parent=2911"}],"wp:term":[{"taxonomy":"category","embeddable":true,"href":"https:\/\/zbl.lzmk.hr\/index.php?rest_route=%2Fwp%2Fv2%2Fcategories&post=2911"},{"taxonomy":"post_tag","embeddable":true,"href":"https:\/\/zbl.lzmk.hr\/index.php?rest_route=%2Fwp%2Fv2%2Ftags&post=2911"}],"curies":[{"name":"wp","href":"https:\/\/api.w.org\/{rel}","templated":true}]}}