{"id":2906,"date":"2016-10-14T22:00:00","date_gmt":"2016-10-14T22:00:00","guid":{"rendered":""},"modified":"2016-10-14T22:00:00","modified_gmt":"2016-10-14T22:00:00","slug":"","status":"publish","type":"post","link":"https:\/\/zbl.lzmk.hr\/?p=2906","title":{"rendered":"BREIDER, Bo\u0161ko"},"content":{"rendered":"<p class=\"Normal\"><span class=\"Bold\">BREIDER, Bo\u0161ko, <\/span>politolog (\u0160ibenik, 31. I. 1973). Sin \u2192 Zore Zuckerman Itkovi\u0107 i Martina Itkovi\u0107a (Zadar, 1943). Odrastao je i \u0161kolovao se u Sarajevu, gdje je zavr\u0161io osnovnu \u0161kolu te ni\u017eu Muzi\u010dku \u0161kolu \u00bb29. novembar\u00ab (glasovir), te 1991. srednju \u0161kolu u Zadru. Diplomirao je na Fakultetu politi\u010dkih znanosti u Zagrebu 1996, na Filozofskom fakultetu u Zagrebu magistrirao 2004. tezom <span class=\"Italic\">Novine Nezavisne Dr\u017eave Hrvatske o \u017didovima (1941.\u20131945.) <\/span>i<span class=\"Italic\"> <\/span>doktorirao 2008. tezom <span class=\"Italic\">Protu\u017eidovska propaganda u Nezavisnoj Dr\u017eavi Hrvatskoj i Srbiji pod njema\u010dkim okupacijskim protektoratom. <\/span>God. 1998\/99. predavao je povijest u <span class=\"Italic\">S<\/span>rednjoj strukovnoj \u0161koli u Velikoj Gorici, a 2000\u221211. zaposlen je kao znanstveni novak na znanstvenim projektima \u00bbStrukturiranje standarda za u\u010denje hrvatske povijesti u srednjim \u0161kolama\u00ab (2000\u201307) i \u00bbIdeologija, etnicitet, grad i selo u hrvatskom dru\u0161tvu u 20. stolje\u0107u\u00ab (2007\u201311) na Odsjeku za povijest Sveu\u010dili\u0161ta u Zadru. Kao aktivan \u010dlan \u017eid. mlade\u017ei \u017dOZ sred. 1990-ih bio je pomo\u0107nik gl. urednika omladinskog lista <span class=\"Italic\">Motek. <\/span>Sura\u0111ivao je u <span class=\"Italic\">Novom Omanutu.<\/span><\/p>\n<p class=\"Literatura\"><span class=\"SMALL-CAPS\">DJELA:<\/span> <span class=\"Italic\">Psihologija Holokausta \u2013 Protu\u017eidovska propaganda u NDH i Srbiji 1941\u20131945. <\/span>Zagreb 2010. \u2013 <span class=\"Italic\">\u017deljezni kri\u017e i crveni karanfil. Prema istinitim doga\u0111ajima<\/span> (suautor Z. Zuckerman). Zagreb 2014.<\/p>\n<p class=\"Literatura\"><span class=\"SMALL-CAPS\">IZV.:<\/span> Osobni podaci ulaznika.<\/p>\n","protected":false},"excerpt":{"rendered":"<p>BREIDER, Bo\u0161ko, politolog (\u0160ibenik, 31. I. 1973). Sin \u2192 Zore Zuckerman Itkovi\u0107 i Martina Itkovi\u0107a (Zadar, 1943). Odrastao je i \u0161kolovao se u Sarajevu, gdje je zavr\u0161io osnovnu \u0161kolu te ni\u017eu Muzi\u010dku \u0161kolu \u00bb29. novembar\u00ab (glasovir), te 1991. srednju \u0161kolu u Zadru. Diplomirao je na Fakultetu politi\u010dkih znanosti u Zagrebu 1996, na Filozofskom fakultetu u &hellip; <a href=\"https:\/\/zbl.lzmk.hr\/?p=2906\" class=\"more-link\">Nastavi \u010ditati<span class=\"screen-reader-text\"> &#8220;BREIDER, Bo\u0161ko&#8221;<\/span><\/a><\/p>\n","protected":false},"author":2,"featured_media":0,"comment_status":"closed","ping_status":"open","sticky":false,"template":"","format":"standard","meta":{"footnotes":""},"categories":[2],"tags":[],"class_list":["post-2906","post","type-post","status-publish","format-standard","hentry","category-2"],"_links":{"self":[{"href":"https:\/\/zbl.lzmk.hr\/index.php?rest_route=\/wp\/v2\/posts\/2906"}],"collection":[{"href":"https:\/\/zbl.lzmk.hr\/index.php?rest_route=\/wp\/v2\/posts"}],"about":[{"href":"https:\/\/zbl.lzmk.hr\/index.php?rest_route=\/wp\/v2\/types\/post"}],"author":[{"embeddable":true,"href":"https:\/\/zbl.lzmk.hr\/index.php?rest_route=\/wp\/v2\/users\/2"}],"replies":[{"embeddable":true,"href":"https:\/\/zbl.lzmk.hr\/index.php?rest_route=%2Fwp%2Fv2%2Fcomments&post=2906"}],"version-history":[{"count":0,"href":"https:\/\/zbl.lzmk.hr\/index.php?rest_route=\/wp\/v2\/posts\/2906\/revisions"}],"wp:attachment":[{"href":"https:\/\/zbl.lzmk.hr\/index.php?rest_route=%2Fwp%2Fv2%2Fmedia&parent=2906"}],"wp:term":[{"taxonomy":"category","embeddable":true,"href":"https:\/\/zbl.lzmk.hr\/index.php?rest_route=%2Fwp%2Fv2%2Fcategories&post=2906"},{"taxonomy":"post_tag","embeddable":true,"href":"https:\/\/zbl.lzmk.hr\/index.php?rest_route=%2Fwp%2Fv2%2Ftags&post=2906"}],"curies":[{"name":"wp","href":"https:\/\/api.w.org\/{rel}","templated":true}]}}