{"id":2903,"date":"2016-10-14T22:00:00","date_gmt":"2016-10-14T22:00:00","guid":{"rendered":""},"modified":"2016-10-14T22:00:00","modified_gmt":"2016-10-14T22:00:00","slug":"","status":"publish","type":"post","link":"https:\/\/zbl.lzmk.hr\/?p=2903","title":{"rendered":"BRAUN, \u0160andor"},"content":{"rendered":"<p class=\"Normal\"><span class=\"Bold\">BRAUN, \u0160andor, <\/span>gospodarstvenik (\u0110ur\u0111evac, 1877 \u2013 Auschwitz, V. 1943). Sin \u2192 Emanuelov. Bio je vlasnik paromlina, ledare i pilane u \u0110ur\u0111evcu. Zahvaljuju\u0107i mlinu i tamo\u0161njemu parnomu stroju, \u0110ur\u0111evac se opskrbljivao elektri\u010dnom energijom, koju mnogi gradovi u \u0161iroj okolici nisu imali. S ocem i bratom zapo\u010deo je po\u0161umljivati \u0110ur\u0111eva\u010dke peske, koji su do tada bili pustara. Bavio se va\u0111enjem zlata na Dravi te trgovao drvom. Progla\u0161en je po\u010dasnim gra\u0111aninom \u0110ur\u0111evca te tamo\u0161nja ulica nosi njegovo ime. Nakon osnutka NDH sa suprugom Ellom ro\u0111. Mautner i sinom \u2192 Borisom uhi\u0107en je u listopadu 1942. i preba\u010den u zatvor u Savskoj cesti u Zagrebu, a u svibnju 1943. deportiran u Auschwitz gdje je stradao. \u2013 Brat <span class=\"Italic\">Ljudevi<\/span>t <span class=\"Italic\">(Ludvig),<\/span> gospodarstvenik (\u0110ur\u0111evac, 26. IV. 1879 \u2013 Auschwitz, 1943\u20131944). Bio je ravnatelj uljare u Koprivnici, dioni\u010dar i \u010dlan Upravnoga odbora Braunova paromlina u \u0110ur\u0111evcu. Odlikovan je 1931. Ordenom sv. Save IV. reda kao kraljevski dvorski dobavlja\u010d. Nakon uspostave NDH prebjegao je u Italiju, ali 1943\u201344. njem. trupe uhitile su ga u Noventi Vicentini i deportirale u Auschwitz, gdje je stradao.<\/p>\n<p class=\"Literatura\"><span class=\"SMALL-CAPS\">IZV.:<\/span> HDA, Ponova, Prijava imetka, kut. 663. \u2013 Podaci o ulazniku B. Braun.<\/p>\n<p class=\"Literatura\"><span class=\"SMALL-CAPS\">LIT.:<\/span> M. Kolar-Dimitrijevi\u0107: <span class=\"Italic\">Tvornica ulja u Koprivnici i njeno radni\u0161tvo<\/span>. Podravski zbornik, 10(1984). \u2013 Bilten \u017dOZ, 1992, 25.<\/p>\n","protected":false},"excerpt":{"rendered":"<p>BRAUN, \u0160andor, gospodarstvenik (\u0110ur\u0111evac, 1877 \u2013 Auschwitz, V. 1943). Sin \u2192 Emanuelov. Bio je vlasnik paromlina, ledare i pilane u \u0110ur\u0111evcu. Zahvaljuju\u0107i mlinu i tamo\u0161njemu parnomu stroju, \u0110ur\u0111evac se opskrbljivao elektri\u010dnom energijom, koju mnogi gradovi u \u0161iroj okolici nisu imali. S ocem i bratom zapo\u010deo je po\u0161umljivati \u0110ur\u0111eva\u010dke peske, koji su do tada bili pustara. &hellip; <a href=\"https:\/\/zbl.lzmk.hr\/?p=2903\" class=\"more-link\">Nastavi \u010ditati<span class=\"screen-reader-text\"> &#8220;BRAUN, \u0160andor&#8221;<\/span><\/a><\/p>\n","protected":false},"author":2,"featured_media":0,"comment_status":"closed","ping_status":"open","sticky":false,"template":"","format":"standard","meta":{"footnotes":""},"categories":[2],"tags":[],"class_list":["post-2903","post","type-post","status-publish","format-standard","hentry","category-2"],"_links":{"self":[{"href":"https:\/\/zbl.lzmk.hr\/index.php?rest_route=\/wp\/v2\/posts\/2903"}],"collection":[{"href":"https:\/\/zbl.lzmk.hr\/index.php?rest_route=\/wp\/v2\/posts"}],"about":[{"href":"https:\/\/zbl.lzmk.hr\/index.php?rest_route=\/wp\/v2\/types\/post"}],"author":[{"embeddable":true,"href":"https:\/\/zbl.lzmk.hr\/index.php?rest_route=\/wp\/v2\/users\/2"}],"replies":[{"embeddable":true,"href":"https:\/\/zbl.lzmk.hr\/index.php?rest_route=%2Fwp%2Fv2%2Fcomments&post=2903"}],"version-history":[{"count":0,"href":"https:\/\/zbl.lzmk.hr\/index.php?rest_route=\/wp\/v2\/posts\/2903\/revisions"}],"wp:attachment":[{"href":"https:\/\/zbl.lzmk.hr\/index.php?rest_route=%2Fwp%2Fv2%2Fmedia&parent=2903"}],"wp:term":[{"taxonomy":"category","embeddable":true,"href":"https:\/\/zbl.lzmk.hr\/index.php?rest_route=%2Fwp%2Fv2%2Fcategories&post=2903"},{"taxonomy":"post_tag","embeddable":true,"href":"https:\/\/zbl.lzmk.hr\/index.php?rest_route=%2Fwp%2Fv2%2Ftags&post=2903"}],"curies":[{"name":"wp","href":"https:\/\/api.w.org\/{rel}","templated":true}]}}