{"id":2892,"date":"2016-10-14T22:00:00","date_gmt":"2016-10-14T22:00:00","guid":{"rendered":""},"modified":"2016-10-14T22:00:00","modified_gmt":"2016-10-14T22:00:00","slug":"","status":"publish","type":"post","link":"https:\/\/zbl.lzmk.hr\/?p=2892","title":{"rendered":"BRANDL, Naida Mihal"},"content":{"rendered":"<p class=\"Normal\"><span class=\"Bold\">BRANDL, Naida Mihal <\/span>(ro\u0111.<span class=\"Bold\"> Pavi\u0107<\/span>),<span class=\"Bold\"> <\/span>povjesni\u010darka i judaistica (Split, 24. IX. 1971). U Splitu je zavr\u0161ila osnovnu \u0161kolu i I. gimnaziju \u00bbNatko Nodilo\u00ab, a 1999. diplomirala je povijest i arheologiju na Filozofskom fakultetu u Zagrebu. God. 1999\u20132001. radila je kao stru\u010dna suradnica u Vladi Republike Hrvatske u Uredu za suradnju s me\u0111unarodnim institucijama. God. 2001. odlazi na magistarski studij iz \u017eid. povijesti na Jewish Theological Seminary of America u New Yorku, a 2015. na Filozofskom fakultetu Sveu\u010dili\u0161ta u Zagrebu doktorirala je tezom <span class=\"Italic\">\u017didovi u Hrvatskoj od 1944\/5. do 1952. godine<\/span>. God. 2000\u201301. radila je na projektu <span class=\"Italic\">Religijski atlas jugoisto\u010dne Europe <\/span>i kao koordinatorica za judaizam, 2000. na Konferenciji o socijalnoj i kulturnoj povijesti \u017didova na isto\u010dnojadranskoj obali u XVII. stolje\u0107u (pod pokroviteljstvom UNESCO) u Dubrovniku odr\u017eala je izlaganje <span class=\"Italic\">Sefardski \u017didovi u Osmanskom Carstvu u XVII. stolje\u0107u,<\/span> a 2004. u sklopu jednogodi\u0161njega studija u je\u0161ivi u Jeruzalemu sudjelovala je u radu na projektu <span class=\"Italic\">Sefardski \u017didovi i \u0160oa<\/span> za podru\u010dje Hrvatske, BiH, Srbije, Makedonije i Italije, pokrovitelj kojega je bio Sephardic Educational Centre u Jeruzalemu. Od 2006. znanstvena je novakinja na Katedri za judaistiku Filozofskog fakulteta u Zagrebu. Bavi se povije\u0161\u0107u \u017didova u hrvatskom i eur. kontekstu. Aktivna je \u010dlanica \u017didovske vjerske zajednice Bet Israel, u vi\u0161e navrata \u010dlanica njezinih razli\u010ditih tijela, a aktivna je u \u017didovskoj osnovnoj \u0161koli \u00bbLauder Hugo Kon\u00ab. Supruga Ronija Brandla (unuk \u2192 A. Brandla).<\/p>\n<p class=\"Literatura\"><span class=\"SMALL-CAPS\">IZV.:<\/span> Osobni podaci ulaznice.<\/p>\n","protected":false},"excerpt":{"rendered":"<p>BRANDL, Naida Mihal (ro\u0111. Pavi\u0107), povjesni\u010darka i judaistica (Split, 24. IX. 1971). U Splitu je zavr\u0161ila osnovnu \u0161kolu i I. gimnaziju \u00bbNatko Nodilo\u00ab, a 1999. diplomirala je povijest i arheologiju na Filozofskom fakultetu u Zagrebu. God. 1999\u20132001. radila je kao stru\u010dna suradnica u Vladi Republike Hrvatske u Uredu za suradnju s me\u0111unarodnim institucijama. God. 2001. &hellip; <a href=\"https:\/\/zbl.lzmk.hr\/?p=2892\" class=\"more-link\">Nastavi \u010ditati<span class=\"screen-reader-text\"> &#8220;BRANDL, Naida Mihal&#8221;<\/span><\/a><\/p>\n","protected":false},"author":2,"featured_media":0,"comment_status":"closed","ping_status":"open","sticky":false,"template":"","format":"standard","meta":{"footnotes":""},"categories":[2],"tags":[],"class_list":["post-2892","post","type-post","status-publish","format-standard","hentry","category-2"],"_links":{"self":[{"href":"https:\/\/zbl.lzmk.hr\/index.php?rest_route=\/wp\/v2\/posts\/2892"}],"collection":[{"href":"https:\/\/zbl.lzmk.hr\/index.php?rest_route=\/wp\/v2\/posts"}],"about":[{"href":"https:\/\/zbl.lzmk.hr\/index.php?rest_route=\/wp\/v2\/types\/post"}],"author":[{"embeddable":true,"href":"https:\/\/zbl.lzmk.hr\/index.php?rest_route=\/wp\/v2\/users\/2"}],"replies":[{"embeddable":true,"href":"https:\/\/zbl.lzmk.hr\/index.php?rest_route=%2Fwp%2Fv2%2Fcomments&post=2892"}],"version-history":[{"count":0,"href":"https:\/\/zbl.lzmk.hr\/index.php?rest_route=\/wp\/v2\/posts\/2892\/revisions"}],"wp:attachment":[{"href":"https:\/\/zbl.lzmk.hr\/index.php?rest_route=%2Fwp%2Fv2%2Fmedia&parent=2892"}],"wp:term":[{"taxonomy":"category","embeddable":true,"href":"https:\/\/zbl.lzmk.hr\/index.php?rest_route=%2Fwp%2Fv2%2Fcategories&post=2892"},{"taxonomy":"post_tag","embeddable":true,"href":"https:\/\/zbl.lzmk.hr\/index.php?rest_route=%2Fwp%2Fv2%2Ftags&post=2892"}],"curies":[{"name":"wp","href":"https:\/\/api.w.org\/{rel}","templated":true}]}}