{"id":2889,"date":"2016-10-14T22:00:00","date_gmt":"2016-10-14T22:00:00","guid":{"rendered":""},"modified":"2016-10-14T22:00:00","modified_gmt":"2016-10-14T22:00:00","slug":"","status":"publish","type":"post","link":"https:\/\/zbl.lzmk.hr\/?p=2889","title":{"rendered":"BRAJKOVI\u0106-BREYER, Vladimir"},"content":{"rendered":"<p class=\"Normal\"><span class=\"Bold\">BRAJKOVI\u0106-BREYER, Vladimir, <\/span>kemijski in\u017eenjer (Po\u017eega, 20. VII. 1897 \u2013 ?). Sin \u017digin. U me\u0111uratnom razdoblju kao in\u017eenjer tehni\u010dke kemije bio je prokurist u farmaceutskom poduze\u0107u \u00bbKa\u0161tel\u00ab d. d. te \u010dlan Zagreba\u010dke in\u017eenjerske komore. Po uspostavi NDH, sa suprugom Margaretom i sinom Tomislavom, preuzeo je \u017eid. znak, a u srpnju 1941. zaveden je u popis vlastima NDH neophodno potrebnih stru\u010dnjaka. Sa suprugom i sinom interniran je u logor u Kraljevici, potom u Kampor na Rabu, a u rujnu 1943. priklju\u010dio se partizanima djeluju\u0107i kao referent za apotekarstvo 4. korpusa, Apotekarskoga odsjeka Glavnoga \u0161taba Hrvatske, Apotekarskoga odsjeka Sanitetskoga odjela pri Vrhovnom \u0161tabu te voditelj farmaceutskoga laboratorija u Traniju u Italiji. Nakon II. svj. rata vratio se u Zagreb, a 1948. iselio se u Izrael. \u2013 Supruga <span class=\"Italic\">Margareta<\/span> <span class=\"Italic\">(Greta),<\/span> farmaceutkinja (Ogulin, 24. XI. 1907 \u2013 Auschwitz, 1944). K\u0107i Jacquesa Pollaka. Diplomirala na Farmaceutskom fakultetu u Zagrebu 1927. Po osnutku NDH sa suprugom i sinom internirana u logor u Kraljevici, potom u Kampor na Rabu. Nakon kapitulacije Italije u rujnu 1943. bila je upraviteljica partizanske ljekarne u Novom Vinodolskom. S majkom i sinom zarobile su je njem. trupe u Novom Vinodolskom u kolovozu 1944. te deportirale u Auschwitz, gdje su stradali.<\/p>\n<p class=\"Literatura\"><span class=\"SMALL-CAPS\">IZV.:<\/span> HDA, Ponova, br. 1076, Srpski odsjek, Op\u0107i spisi, kut. 441, 41\/1941. \u2013 HDA, Ponova, Prijava imetka, kut. 663. \u2013 K\u017dZ. \u2013 Popis \u017ertava.<\/p>\n<p class=\"Literatura\"><span class=\"SMALL-CAPS\">LIT.:<\/span><span class=\"Italic\"> <\/span>J. Romano: <span class=\"Italic\">Jevreji Jugoslavije 1941\u20131945. \u017drtve genocida i u\u010desnici narodnooslobodila\u010dkog rata. <\/span>Beograd 1980. <span class=\"Italic\">\u2013 M. <\/span>\u0160vob: <span class=\"Italic\">\u017didovi u Hrvatskoj, <\/span>2. Zagreb 2004.<\/p>\n","protected":false},"excerpt":{"rendered":"<p>BRAJKOVI\u0106-BREYER, Vladimir, kemijski in\u017eenjer (Po\u017eega, 20. VII. 1897 \u2013 ?). Sin \u017digin. U me\u0111uratnom razdoblju kao in\u017eenjer tehni\u010dke kemije bio je prokurist u farmaceutskom poduze\u0107u \u00bbKa\u0161tel\u00ab d. d. te \u010dlan Zagreba\u010dke in\u017eenjerske komore. Po uspostavi NDH, sa suprugom Margaretom i sinom Tomislavom, preuzeo je \u017eid. znak, a u srpnju 1941. zaveden je u popis vlastima &hellip; <a href=\"https:\/\/zbl.lzmk.hr\/?p=2889\" class=\"more-link\">Nastavi \u010ditati<span class=\"screen-reader-text\"> &#8220;BRAJKOVI\u0106-BREYER, Vladimir&#8221;<\/span><\/a><\/p>\n","protected":false},"author":2,"featured_media":0,"comment_status":"closed","ping_status":"open","sticky":false,"template":"","format":"standard","meta":{"footnotes":""},"categories":[2],"tags":[],"class_list":["post-2889","post","type-post","status-publish","format-standard","hentry","category-2"],"_links":{"self":[{"href":"https:\/\/zbl.lzmk.hr\/index.php?rest_route=\/wp\/v2\/posts\/2889"}],"collection":[{"href":"https:\/\/zbl.lzmk.hr\/index.php?rest_route=\/wp\/v2\/posts"}],"about":[{"href":"https:\/\/zbl.lzmk.hr\/index.php?rest_route=\/wp\/v2\/types\/post"}],"author":[{"embeddable":true,"href":"https:\/\/zbl.lzmk.hr\/index.php?rest_route=\/wp\/v2\/users\/2"}],"replies":[{"embeddable":true,"href":"https:\/\/zbl.lzmk.hr\/index.php?rest_route=%2Fwp%2Fv2%2Fcomments&post=2889"}],"version-history":[{"count":0,"href":"https:\/\/zbl.lzmk.hr\/index.php?rest_route=\/wp\/v2\/posts\/2889\/revisions"}],"wp:attachment":[{"href":"https:\/\/zbl.lzmk.hr\/index.php?rest_route=%2Fwp%2Fv2%2Fmedia&parent=2889"}],"wp:term":[{"taxonomy":"category","embeddable":true,"href":"https:\/\/zbl.lzmk.hr\/index.php?rest_route=%2Fwp%2Fv2%2Fcategories&post=2889"},{"taxonomy":"post_tag","embeddable":true,"href":"https:\/\/zbl.lzmk.hr\/index.php?rest_route=%2Fwp%2Fv2%2Ftags&post=2889"}],"curies":[{"name":"wp","href":"https:\/\/api.w.org\/{rel}","templated":true}]}}