{"id":2883,"date":"2016-10-14T22:00:00","date_gmt":"2016-10-14T22:00:00","guid":{"rendered":""},"modified":"2016-10-14T22:00:00","modified_gmt":"2016-10-14T22:00:00","slug":"","status":"publish","type":"post","link":"https:\/\/zbl.lzmk.hr\/?p=2883","title":{"rendered":"BO\u0160KOVI\u0106, Magda"},"content":{"rendered":"<p class=\"Normal\"><span class=\"Bold\">BO\u0160KOVI\u0106, Magda,<\/span> pjesnikinja, publicistkinja i revolucionarka (Osijek, 3. XI 1914 \u2013 logor Stara Gradi\u0161ka, prolje\u0107e 1942). K\u0107i \u2192 Dragutina i Ivanke (Janke) ro\u0111. Szarvas (Sarva\u0161) i sestra \u2192 Maje Bo\u0161kovi\u0107-Stulli. Osnovnu \u0161kolu zapo\u010dela je u Osijeku, a nastavila u Zagrebu, gdje je poha\u0111ala gimnaziju (1925\u201333) i Ekonomsko-komercijalnu visoku \u0161kolu (1933\u201337). Nakon zavr\u0161ena studija zaposlila se u Na\u0161i\u010dkoj tvornici tanina i paropila d. d. u \u0110ur\u0111enovcu, potom u Zagrebu. \u010clanica je SKOJ od 1934, poslije \u010dlanica KPJ. Sudjelovala je u izdavanju bro\u0161ure <span class=\"Italic\">Srednjo\u0161kolci govore <\/span>(Zagreb 1934) i u knji\u017eevnoj grupi \u00bbAkcija\u00ab. Za studija djeluje u Dru\u0161tvu za prosvjetu \u017eene \u00bbSvjetlost\u00ab u SBOTI\u010c, URSSJ, studentskoj sekciji \u017denskoga pokreta i drugdje. Obavljala je administrativno-uredni\u010dke poslove izdavanja polulegalne Popularne biblioteke (PO-BI). Sudjelovala je u organizaciji prihvata \u0161panj. dobrovoljaca koji su stizali u Zagreb (1939). Zatvarana je vi\u0161e puta te ju je i kapitulacija Jugoslavije zatekla u zatvoru. Po uspostavi NDH bila je pu\u0161tena te je zajedno s roditeljima i sestrom Majom preuzela \u017eid. znak. Dana 11. VII. 1941. bila je uhi\u0107ena te zato\u010dena u Koprivnici, odakle je 20. VII. preba\u010dena u Lepoglavu, a zatim u logor Stara Gradi\u0161ka gdje je ubijena u prolje\u0107e 1942. \u2013 Kao srednjo\u0161kolka objavila je petnaestak pjesama u omladinskim knji\u017eevnim \u010dasopisima <span class=\"Italic\">Omladina<\/span> (1927\u201328), <span class=\"Italic\">Mladost<\/span> (1929\u201332) i <span class=\"Italic\">Hanoar<\/span> (1929\u201332). Napisala je tekst pjesme tzv. \u017eenske himne (1937). Kao \u010dlanica uredni\u0161tva \u010dasopisa <span class=\"Italic\">\u017denski svijet<\/span> objavila je vi\u0161e kra\u0107ih tekstova te pod razli\u010ditim pseudonimima petnaestak \u010dlanaka o suvremenim dru\u0161tvenim temama. U grafi\u010dkoj mapi pod naslovom <span class=\"Italic\">Obru\u010d<\/span> (Zagreb 1997) objavljene su sve njezine pjesme.<\/p>\n<p class=\"Literatura\"><span class=\"SMALL-CAPS\">IZV.:<\/span> K\u017dZ.<\/p>\n<p class=\"Literatura\"><span class=\"SMALL-CAPS\">LIT.:<\/span> M. Bo\u0161kovi\u0107: <span class=\"Italic\">Magda Bo\u0161kovi\u0107. <\/span>Jevrejski almanah, 1955\u20131956. \u2013 V. Raj\u010devi\u0107: <span class=\"Italic\">Studentski pokret na Zagreba\u010dkom sveu\u010dili\u0161tu izme\u0111u dva rata (1918\u20131941). <\/span>Zagreb 1959. \u2013 I. \u0160ibl: <span class=\"Italic\">Zagreb tisu\u0107u devetsto \u010detrdeset i prve. <\/span>Zagreb 1967. \u2013 J. Starc-Jan\u010di\u0107: <span class=\"Italic\">Kako je nastala borbena \u017eenska pjesma. <\/span>Ve\u010dernji list, 13(11!)(1969) 83. \u2013 M. Ivekovi\u0107: <span class=\"Italic\">Hrvatska lijeva inteligencija 1918\u20131941, <\/span>1\u20132. Zagreb 1970. \u2013 J. Broz Tito: <span class=\"Italic\">Sabrana djela, <\/span>5. Beograd 1978. \u2013 J. Kecman: <span class=\"Italic\">\u017dene Jugoslavije u radni\u010dkom pokretu i \u017eenskim organizacijama 1918\u20131941. <\/span>Beograd 1978. \u2013 J. Starc-Jan\u010di\u0107: <span class=\"Italic\">\u017denski svijet <\/span>(uvod). Zagreb 1979. \u2013 S. Ugarkovi\u0107 i L. O\u010dak: <span class=\"Italic\">Zagreb grad heroj. <\/span>Spomen obilje\u017eja revoluciji. Zagreb 1979. \u2013 V. Raj\u010devi\u0107: <span class=\"Italic\">Revolucionarni omladinski pokret u Hrvatskoj 1929\u20131941,<\/span> 2. Zagreb 1980. \u2013 J. Romano:<span class=\"Italic\"> Jevreji Jugoslavije 1941\u20131945. \u017drtve genocida i u\u010desnici narodnooslobodila\u010dkog rata. <\/span>Beograd 1980. <span class=\"Italic\">\u2013 <\/span>M. Matkovi\u0107: <span class=\"Italic\">Stope na stazi. <\/span>Forum, 21(1982) 7\/9. \u2013 <span class=\"Italic\">Revolucionarni omladinski pokret u Zagrebu 1941\u20131945,<\/span> 1. Zagreb 1984. \u2013 <span class=\"Italic\">Bo\u0161kovi\u0107, Magda. <\/span>Hrvatski biografski leksikon, 2. Zagreb 1989. \u2013 V. K. (V. Kova\u010d): <span class=\"Italic\">Obru\u010d Magde Bo\u0161kovi\u0107<\/span>. Ha-kol, 1997, 49\/50. \u2013 S. Deli\u0107: <span class=\"Italic\">\u017didovski identitet i profesionalna karijera.<\/span> Ha-kol, 2000, 67\/68. \u2013 I. Goldstein: <span class=\"Italic\">\u017didovi u Zagrebu 1918\u20131941. <\/span>Zagreb 2004.<\/p>\n","protected":false},"excerpt":{"rendered":"<p>BO\u0160KOVI\u0106, Magda, pjesnikinja, publicistkinja i revolucionarka (Osijek, 3. XI 1914 \u2013 logor Stara Gradi\u0161ka, prolje\u0107e 1942). K\u0107i \u2192 Dragutina i Ivanke (Janke) ro\u0111. Szarvas (Sarva\u0161) i sestra \u2192 Maje Bo\u0161kovi\u0107-Stulli. Osnovnu \u0161kolu zapo\u010dela je u Osijeku, a nastavila u Zagrebu, gdje je poha\u0111ala gimnaziju (1925\u201333) i Ekonomsko-komercijalnu visoku \u0161kolu (1933\u201337). Nakon zavr\u0161ena studija zaposlila se &hellip; <a href=\"https:\/\/zbl.lzmk.hr\/?p=2883\" class=\"more-link\">Nastavi \u010ditati<span class=\"screen-reader-text\"> &#8220;BO\u0160KOVI\u0106, Magda&#8221;<\/span><\/a><\/p>\n","protected":false},"author":2,"featured_media":0,"comment_status":"closed","ping_status":"open","sticky":false,"template":"","format":"standard","meta":{"footnotes":""},"categories":[2],"tags":[],"class_list":["post-2883","post","type-post","status-publish","format-standard","hentry","category-2"],"_links":{"self":[{"href":"https:\/\/zbl.lzmk.hr\/index.php?rest_route=\/wp\/v2\/posts\/2883"}],"collection":[{"href":"https:\/\/zbl.lzmk.hr\/index.php?rest_route=\/wp\/v2\/posts"}],"about":[{"href":"https:\/\/zbl.lzmk.hr\/index.php?rest_route=\/wp\/v2\/types\/post"}],"author":[{"embeddable":true,"href":"https:\/\/zbl.lzmk.hr\/index.php?rest_route=\/wp\/v2\/users\/2"}],"replies":[{"embeddable":true,"href":"https:\/\/zbl.lzmk.hr\/index.php?rest_route=%2Fwp%2Fv2%2Fcomments&post=2883"}],"version-history":[{"count":0,"href":"https:\/\/zbl.lzmk.hr\/index.php?rest_route=\/wp\/v2\/posts\/2883\/revisions"}],"wp:attachment":[{"href":"https:\/\/zbl.lzmk.hr\/index.php?rest_route=%2Fwp%2Fv2%2Fmedia&parent=2883"}],"wp:term":[{"taxonomy":"category","embeddable":true,"href":"https:\/\/zbl.lzmk.hr\/index.php?rest_route=%2Fwp%2Fv2%2Fcategories&post=2883"},{"taxonomy":"post_tag","embeddable":true,"href":"https:\/\/zbl.lzmk.hr\/index.php?rest_route=%2Fwp%2Fv2%2Ftags&post=2883"}],"curies":[{"name":"wp","href":"https:\/\/api.w.org\/{rel}","templated":true}]}}