{"id":2880,"date":"2016-10-14T22:00:00","date_gmt":"2016-10-14T22:00:00","guid":{"rendered":""},"modified":"2016-10-14T22:00:00","modified_gmt":"2016-10-14T22:00:00","slug":"","status":"publish","type":"post","link":"https:\/\/zbl.lzmk.hr\/?p=2880","title":{"rendered":"BOSKOVITZ, Hugo (Bo\u0161kovi\u0107)"},"content":{"rendered":"<p class=\"Normal\"><span class=\"Bold\">BOSKOVITZ, Hugo (Bo\u0161kovi\u0107), <\/span>trgovac (Osijek, 2. VII. 1872 \u2013 Auschwitz, 1942). Od 1904. bio je suvlasnik vode\u0107e osje\u010dke trgovine mje\u0161ovitom robom \u00bbWilheim i Boskovitz\u00ab u \u017dupanijskoj ul., utemeljene 1880. God. 1939. trgovina je ostvarila promet od 4 318 092 din., ali i velike gubitke te je partner \u2192 R. Wilheim istupio iz posla, dok je B. bio primoran smanjiti opseg posla i likvidirati veletrgovinu. S tiskarom Eugenom Szeklerom bio je suvlasnik ku\u0107e u Desati\u010dinoj ul. u Osijeku. Bio je istaknuti \u010dlan osje\u010dke \u00bbLo\u017ee Menora 1090\u00ab nezavisnog \u017eid. reda <span class=\"Italic\">Bnei Brit<\/span> (jedan od sedmorice izaslanika te lo\u017ee na inauguraciji jugoslavenske Velike lo\u017ee <span class=\"Italic\">Bnei Brita <\/span>1935. sa sjedi\u0161tem u Beogradu). Po osnutku NDH s ostalim osje\u010dkim \u017didovima i suprugom Fridom (?, 1884) odveden je u sabirni logor u Tenji i potom 22. VIII. 1942. deportiran u Auschwitz, gdje je stradao.<\/p>\n<p class=\"Literatura\"><span class=\"SMALL-CAPS\">IZV.:<\/span> HDA, Ponova, Prijava imetka, kut. 628.<\/p>\n<p class=\"Literatura\"><span class=\"SMALL-CAPS\">LIT.:<\/span> <span class=\"Italic\">Spomenica sve\u010dane instalacije Velike Lo\u017ee u Beogradu.<\/span> Beograd 1935. \u2013 A. Radeni\u0107: <span class=\"Italic\">Bene berit u Srbiji i Jugoslaviji 1911\u20131940.<\/span> Zbornik Jevrejskog istorijskog muzeja, 1997, 7. \u2013 M. \u0160vob: <span class=\"Italic\">\u017didovi u Hrvatskoj,<\/span> 2. Zagreb 2004. \u2013 Lj. Dobrov\u0161ak: <span class=\"Italic\">\u017didovi u Osijeku od doseljavanja do kraja Prvoga svjetskog rata.<\/span> Osijek 2013.<\/p>\n","protected":false},"excerpt":{"rendered":"<p>BOSKOVITZ, Hugo (Bo\u0161kovi\u0107), trgovac (Osijek, 2. VII. 1872 \u2013 Auschwitz, 1942). Od 1904. bio je suvlasnik vode\u0107e osje\u010dke trgovine mje\u0161ovitom robom \u00bbWilheim i Boskovitz\u00ab u \u017dupanijskoj ul., utemeljene 1880. God. 1939. trgovina je ostvarila promet od 4 318 092 din., ali i velike gubitke te je partner \u2192 R. Wilheim istupio iz posla, dok je &hellip; <a href=\"https:\/\/zbl.lzmk.hr\/?p=2880\" class=\"more-link\">Nastavi \u010ditati<span class=\"screen-reader-text\"> &#8220;BOSKOVITZ, Hugo (Bo\u0161kovi\u0107)&#8221;<\/span><\/a><\/p>\n","protected":false},"author":2,"featured_media":0,"comment_status":"closed","ping_status":"open","sticky":false,"template":"","format":"standard","meta":{"footnotes":""},"categories":[2],"tags":[],"class_list":["post-2880","post","type-post","status-publish","format-standard","hentry","category-2"],"_links":{"self":[{"href":"https:\/\/zbl.lzmk.hr\/index.php?rest_route=\/wp\/v2\/posts\/2880"}],"collection":[{"href":"https:\/\/zbl.lzmk.hr\/index.php?rest_route=\/wp\/v2\/posts"}],"about":[{"href":"https:\/\/zbl.lzmk.hr\/index.php?rest_route=\/wp\/v2\/types\/post"}],"author":[{"embeddable":true,"href":"https:\/\/zbl.lzmk.hr\/index.php?rest_route=\/wp\/v2\/users\/2"}],"replies":[{"embeddable":true,"href":"https:\/\/zbl.lzmk.hr\/index.php?rest_route=%2Fwp%2Fv2%2Fcomments&post=2880"}],"version-history":[{"count":0,"href":"https:\/\/zbl.lzmk.hr\/index.php?rest_route=\/wp\/v2\/posts\/2880\/revisions"}],"wp:attachment":[{"href":"https:\/\/zbl.lzmk.hr\/index.php?rest_route=%2Fwp%2Fv2%2Fmedia&parent=2880"}],"wp:term":[{"taxonomy":"category","embeddable":true,"href":"https:\/\/zbl.lzmk.hr\/index.php?rest_route=%2Fwp%2Fv2%2Fcategories&post=2880"},{"taxonomy":"post_tag","embeddable":true,"href":"https:\/\/zbl.lzmk.hr\/index.php?rest_route=%2Fwp%2Fv2%2Ftags&post=2880"}],"curies":[{"name":"wp","href":"https:\/\/api.w.org\/{rel}","templated":true}]}}