{"id":2792,"date":"2016-10-14T22:00:00","date_gmt":"2016-10-14T22:00:00","guid":{"rendered":""},"modified":"2016-10-14T22:00:00","modified_gmt":"2016-10-14T22:00:00","slug":"","status":"publish","type":"post","link":"https:\/\/zbl.lzmk.hr\/?p=2792","title":{"rendered":"BORAN, Filip (Bruck, Bornstein; Arnold)"},"content":{"rendered":"<p class=\"Normal\"><span class=\"Bold\">BORAN, Filip (Bruck, Bornstein; Arnold), <\/span>pravnik i \u017eid. aktivist (Pakrac, 16. X. 1888 \u2013 ?, Lika, 1943). Sin Paulov. U nepoznato doba promijenio je prezime iz prvotnoga Bruck u Boran. Doktorirao je na Pravnom fakultetu u Zagrebu temeljem rigoroza 1912. Nakon imenovanja za odvjetnika 1919, radio je u Zagrebu, gdje je imao odvjetni\u010dki ured s pisarnom u Hatzovoj ul. te kao zastupnik \u00d6esterreichische Gasgl\u00fcchlicht &#8211; und Elektrizit\u00e4tsgesellschaft iz Be\u010da. Bio je predsj. cionisti\u010dke organizacije u Zagrebu (1936\u201340) i istodobno potpredsjednik jugoslavenske Organizacije cionista-revizionista. U tom svojstvu odr\u017eavao je predavanja u okviru revizionisti\u010dke organizacije o razli\u010ditim \u017eidovskim temama. Po uspostavi NDH zajedno sa suprugom Ellom ro\u0111. Mayer (sestrom \u2192 A. i Milana Mari\u0107a), prebjegao je u Hrvatsko primorje, gdje je bio interniran u logore u Kraljevici i Kamporu na Rabu; tijekom boravka u Kraljevici vodio je \u017eid. slu\u017ebu Bo\u017eju. Nakon kapitulacije Italije u rujnu 1943. pridru\u017eio se partizanima te je djelovao u pozadini na oslobo\u0111enom teritoriju u Lici, gdje je zajedno sa suprugom poginuo u zasjedi njem. vojske.<\/p>\n<p class=\"Literatura\"><span class=\"SMALL-CAPS\">IZV.:<\/span> HDA, Ponova, Prijava imetka, kut. 663. \u2013 Telefonski imenik 1941.<\/p>\n<p class=\"Literatura\"><span class=\"SMALL-CAPS\">LIT.:<\/span> <span class=\"Italic\">Vijesti Advokatske komore u Zagrebu. <\/span>Odvjetnik, 4(1930) 1. \u2013 J. Romano: <span class=\"Italic\">Jevreji Jugoslavije 1941\u20131945. \u017drtve genocida i u\u010desnici narodnooslobodila\u010dkog rata. <\/span>Beograd 1980. \u2013 <span class=\"Italic\">Pravni fakultet u Zagrebu 1796\u20131996.<\/span> Zagreb 1996. \u2013 I. i S. Goldstein: <span class=\"Italic\">Holokaust u Zagrebu. <\/span>Zagreb 2001. \u2013 I. Goldstein: <span class=\"Italic\">\u017didovi u Zagrebu 1918\u20131941. <\/span>Zagreb 2004.<span class=\"Italic\"> \u2013 <\/span>M. \u0160vob: <span class=\"Italic\">\u017didovi u Hrvatskoj,<\/span> 2.<span class=\"Italic\"> <\/span>Zagreb 2004.<\/p>\n","protected":false},"excerpt":{"rendered":"<p>BORAN, Filip (Bruck, Bornstein; Arnold), pravnik i \u017eid. aktivist (Pakrac, 16. X. 1888 \u2013 ?, Lika, 1943). Sin Paulov. U nepoznato doba promijenio je prezime iz prvotnoga Bruck u Boran. Doktorirao je na Pravnom fakultetu u Zagrebu temeljem rigoroza 1912. Nakon imenovanja za odvjetnika 1919, radio je u Zagrebu, gdje je imao odvjetni\u010dki ured s &hellip; <a href=\"https:\/\/zbl.lzmk.hr\/?p=2792\" class=\"more-link\">Nastavi \u010ditati<span class=\"screen-reader-text\"> &#8220;BORAN, Filip (Bruck, Bornstein; Arnold)&#8221;<\/span><\/a><\/p>\n","protected":false},"author":2,"featured_media":0,"comment_status":"closed","ping_status":"open","sticky":false,"template":"","format":"standard","meta":{"footnotes":""},"categories":[2],"tags":[],"class_list":["post-2792","post","type-post","status-publish","format-standard","hentry","category-2"],"_links":{"self":[{"href":"https:\/\/zbl.lzmk.hr\/index.php?rest_route=\/wp\/v2\/posts\/2792"}],"collection":[{"href":"https:\/\/zbl.lzmk.hr\/index.php?rest_route=\/wp\/v2\/posts"}],"about":[{"href":"https:\/\/zbl.lzmk.hr\/index.php?rest_route=\/wp\/v2\/types\/post"}],"author":[{"embeddable":true,"href":"https:\/\/zbl.lzmk.hr\/index.php?rest_route=\/wp\/v2\/users\/2"}],"replies":[{"embeddable":true,"href":"https:\/\/zbl.lzmk.hr\/index.php?rest_route=%2Fwp%2Fv2%2Fcomments&post=2792"}],"version-history":[{"count":0,"href":"https:\/\/zbl.lzmk.hr\/index.php?rest_route=\/wp\/v2\/posts\/2792\/revisions"}],"wp:attachment":[{"href":"https:\/\/zbl.lzmk.hr\/index.php?rest_route=%2Fwp%2Fv2%2Fmedia&parent=2792"}],"wp:term":[{"taxonomy":"category","embeddable":true,"href":"https:\/\/zbl.lzmk.hr\/index.php?rest_route=%2Fwp%2Fv2%2Fcategories&post=2792"},{"taxonomy":"post_tag","embeddable":true,"href":"https:\/\/zbl.lzmk.hr\/index.php?rest_route=%2Fwp%2Fv2%2Ftags&post=2792"}],"curies":[{"name":"wp","href":"https:\/\/api.w.org\/{rel}","templated":true}]}}