{"id":2559,"date":"2016-10-14T22:00:00","date_gmt":"2016-10-14T22:00:00","guid":{"rendered":""},"modified":"2016-10-14T22:00:00","modified_gmt":"2016-10-14T22:00:00","slug":"","status":"publish","type":"post","link":"https:\/\/zbl.lzmk.hr\/?p=2559","title":{"rendered":"BL\u00dcHWEISS, Edmund"},"content":{"rendered":"<p class=\"Normal\"><span class=\"Bold\">BL\u00dcHWEISS, Edmund, <\/span>prokurist (Ivanjska, 1884 \u2013 logor Jasenovac, 1941). Sin Julijev. Bio je prokurist vi\u0161e stranih poduze\u0107a, me\u0111u ostalim i \u00bbEd. Glanzmann &#038; And. Gassner\u00ab. Po osnutku NDH sa suprugom Idom i sinom Brunom 27. VI. 1941. odveden je na Zagreba\u010dki zbor, potom preko Gospi\u0107a u velebitske ili pa\u0161ke logore. Njegovi suradnici iz poduze\u0107a pisali su molbe da ga se pusti, no bilo je bezuspje\u0161no. U kolovozu 1941. preba\u010den u jasenova\u010dki logor Krapje, gdje je stradao prije kraja godine. \u2013 Sin <span class=\"Italic\">Bruno Bl\u00fchweiss-Belin,<\/span> lije\u010dnik (Zagreb, 1912 \u2013 logor Slana ili Jadovno, 1941) u me\u0111uratnom razdoblju volontirao je u zagreba\u010dkim zdravstvenim ustanovama. Zajedno s roditeljima 27. VI. 1941. odveden je na Zagreba\u010dki zbor, potom preko Gospi\u0107a prema nekim izvorima u pa\u0161ki logor Slana, a prema drugima u Jadovno, gdje je stradao.<\/p>\n<p class=\"Literatura\"><span class=\"SMALL-CAPS\">IZV.:<\/span> HDA, MUP NDH, br. 223, kut. 25, Predsjedni\u010dki ured, br. 22934, god. 1941. \u2013 K\u017dZ. \u2013 Telefonski imenik 1941.<\/p>\n<p class=\"Literatura\"><span class=\"SMALL-CAPS\">LIT.:<\/span> M. \u0160vob: <span class=\"Italic\">\u017didovi u Hrvatskoj, <\/span>2. Zagreb 2004.<\/p>\n","protected":false},"excerpt":{"rendered":"<p>BL\u00dcHWEISS, Edmund, prokurist (Ivanjska, 1884 \u2013 logor Jasenovac, 1941). Sin Julijev. Bio je prokurist vi\u0161e stranih poduze\u0107a, me\u0111u ostalim i \u00bbEd. Glanzmann &#038; And. Gassner\u00ab. Po osnutku NDH sa suprugom Idom i sinom Brunom 27. VI. 1941. odveden je na Zagreba\u010dki zbor, potom preko Gospi\u0107a u velebitske ili pa\u0161ke logore. Njegovi suradnici iz poduze\u0107a pisali &hellip; <a href=\"https:\/\/zbl.lzmk.hr\/?p=2559\" class=\"more-link\">Nastavi \u010ditati<span class=\"screen-reader-text\"> &#8220;BL\u00dcHWEISS, Edmund&#8221;<\/span><\/a><\/p>\n","protected":false},"author":2,"featured_media":0,"comment_status":"closed","ping_status":"open","sticky":false,"template":"","format":"standard","meta":{"footnotes":""},"categories":[2],"tags":[],"class_list":["post-2559","post","type-post","status-publish","format-standard","hentry","category-2"],"_links":{"self":[{"href":"https:\/\/zbl.lzmk.hr\/index.php?rest_route=\/wp\/v2\/posts\/2559"}],"collection":[{"href":"https:\/\/zbl.lzmk.hr\/index.php?rest_route=\/wp\/v2\/posts"}],"about":[{"href":"https:\/\/zbl.lzmk.hr\/index.php?rest_route=\/wp\/v2\/types\/post"}],"author":[{"embeddable":true,"href":"https:\/\/zbl.lzmk.hr\/index.php?rest_route=\/wp\/v2\/users\/2"}],"replies":[{"embeddable":true,"href":"https:\/\/zbl.lzmk.hr\/index.php?rest_route=%2Fwp%2Fv2%2Fcomments&post=2559"}],"version-history":[{"count":0,"href":"https:\/\/zbl.lzmk.hr\/index.php?rest_route=\/wp\/v2\/posts\/2559\/revisions"}],"wp:attachment":[{"href":"https:\/\/zbl.lzmk.hr\/index.php?rest_route=%2Fwp%2Fv2%2Fmedia&parent=2559"}],"wp:term":[{"taxonomy":"category","embeddable":true,"href":"https:\/\/zbl.lzmk.hr\/index.php?rest_route=%2Fwp%2Fv2%2Fcategories&post=2559"},{"taxonomy":"post_tag","embeddable":true,"href":"https:\/\/zbl.lzmk.hr\/index.php?rest_route=%2Fwp%2Fv2%2Ftags&post=2559"}],"curies":[{"name":"wp","href":"https:\/\/api.w.org\/{rel}","templated":true}]}}