{"id":2536,"date":"2016-10-14T22:00:00","date_gmt":"2016-10-14T22:00:00","guid":{"rendered":""},"modified":"2016-10-14T22:00:00","modified_gmt":"2016-10-14T22:00:00","slug":"","status":"publish","type":"post","link":"https:\/\/zbl.lzmk.hr\/?p=2536","title":{"rendered":"BL\u00dcHWEISS, Albert"},"content":{"rendered":"<p class=\"Normal\"><span class=\"Bold\">BL\u00dcHWEISS, Albert, <\/span>gospodarstvenik<span class=\"Bold\"> <\/span>(Vara\u017edin, 21. III. 1883 \u2013 logor Jasenovac, 1941). Sin Josipa, kroja\u010da i Nanette ro\u0111. Weiss. Bio je vlasnik poduze\u0107a Vara\u017edinska industrija tkala\u010dkih \u010dunjeva<span class=\"Italic\"> <\/span>u Kukuljevi\u0107evoj ul., registriranog pri Okru\u017enom trgova\u010dkom sudu u Vara\u017edinu 8. VII. 1936. Proizvodilo je tkala\u010dke \u010dunjeve, drvene kolutove, okvire za namotavanje niti i druge potrep\u0161tine za potrebe tkala\u010dke industrije, kojima je opskrbljivao tekstilne tvornice i tkaonice. U ljeto 1941. bio je uhi\u0107en, sa suprugom i ve\u0107inom vara\u017edinskih \u017didova, otpremljen u logor Jasenovac te se nalazi na popisu vara\u017edinskih \u017didova, koji su se do 28. X. 1941. javili iz zbirnog logora Jasenovac. Supruga Danica ro\u0111. Kastl deportirana je u logor Loborgrad, odakle se nije vratila.<\/p>\n<p class=\"Literatura\"><span class=\"SMALL-CAPS\">IZV.:<\/span> HDA, Ponova, Prijava imetka, kut. 651.<\/p>\n<p class=\"Literatura\"><span class=\"SMALL-CAPS\">LIT.:<\/span> M. Lon\u010dari\u0107: <span class=\"Italic\">Tragom \u017eidovske povijesti i kulture u Vara\u017edinu. <\/span>Vara\u017edin 2003. \u2013 <a href=\"\">http:\/\/www.jusp-jasenovac.hr\/Default.aspx?sid=6284<\/a>, pristupljeno 10. I. 2012.<\/p>\n","protected":false},"excerpt":{"rendered":"<p>BL\u00dcHWEISS, Albert, gospodarstvenik (Vara\u017edin, 21. III. 1883 \u2013 logor Jasenovac, 1941). Sin Josipa, kroja\u010da i Nanette ro\u0111. Weiss. Bio je vlasnik poduze\u0107a Vara\u017edinska industrija tkala\u010dkih \u010dunjeva u Kukuljevi\u0107evoj ul., registriranog pri Okru\u017enom trgova\u010dkom sudu u Vara\u017edinu 8. VII. 1936. Proizvodilo je tkala\u010dke \u010dunjeve, drvene kolutove, okvire za namotavanje niti i druge potrep\u0161tine za potrebe tkala\u010dke &hellip; <a href=\"https:\/\/zbl.lzmk.hr\/?p=2536\" class=\"more-link\">Nastavi \u010ditati<span class=\"screen-reader-text\"> &#8220;BL\u00dcHWEISS, Albert&#8221;<\/span><\/a><\/p>\n","protected":false},"author":2,"featured_media":0,"comment_status":"closed","ping_status":"open","sticky":false,"template":"","format":"standard","meta":{"footnotes":""},"categories":[2],"tags":[],"class_list":["post-2536","post","type-post","status-publish","format-standard","hentry","category-2"],"_links":{"self":[{"href":"https:\/\/zbl.lzmk.hr\/index.php?rest_route=\/wp\/v2\/posts\/2536"}],"collection":[{"href":"https:\/\/zbl.lzmk.hr\/index.php?rest_route=\/wp\/v2\/posts"}],"about":[{"href":"https:\/\/zbl.lzmk.hr\/index.php?rest_route=\/wp\/v2\/types\/post"}],"author":[{"embeddable":true,"href":"https:\/\/zbl.lzmk.hr\/index.php?rest_route=\/wp\/v2\/users\/2"}],"replies":[{"embeddable":true,"href":"https:\/\/zbl.lzmk.hr\/index.php?rest_route=%2Fwp%2Fv2%2Fcomments&post=2536"}],"version-history":[{"count":0,"href":"https:\/\/zbl.lzmk.hr\/index.php?rest_route=\/wp\/v2\/posts\/2536\/revisions"}],"wp:attachment":[{"href":"https:\/\/zbl.lzmk.hr\/index.php?rest_route=%2Fwp%2Fv2%2Fmedia&parent=2536"}],"wp:term":[{"taxonomy":"category","embeddable":true,"href":"https:\/\/zbl.lzmk.hr\/index.php?rest_route=%2Fwp%2Fv2%2Fcategories&post=2536"},{"taxonomy":"post_tag","embeddable":true,"href":"https:\/\/zbl.lzmk.hr\/index.php?rest_route=%2Fwp%2Fv2%2Ftags&post=2536"}],"curies":[{"name":"wp","href":"https:\/\/api.w.org\/{rel}","templated":true}]}}