{"id":2514,"date":"2016-10-14T22:00:00","date_gmt":"2016-10-14T22:00:00","guid":{"rendered":""},"modified":"2016-10-14T22:00:00","modified_gmt":"2016-10-14T22:00:00","slug":"","status":"publish","type":"post","link":"https:\/\/zbl.lzmk.hr\/?p=2514","title":{"rendered":"BLOCH, Meir"},"content":{"rendered":"<p class=\"Normal\"><span class=\"Bold\">BLOCH, Meir, <\/span>javni djelatnik i \u017eid. aktivist (Fu\u017eine, 25. VII. 1903 \u2013 Jeruzalem, ?2003). Odrastao je u Osijeku, gdje je zavr\u0161io gimnaziju. Studirao je u Be\u010du filologiju, psihologiju i pedagogiju. Bio je cionisti\u010dki aktivist, svladao kao samouk i hebrejski jezik te dr\u017eao nastavu svojim kolegama iz \u00bbBar Giore\u00ab. God. 1920. odr\u017eao je prvi govor na hebrejskom jeziku na I. osje\u010dkom omladinskom sletu. U me\u0111uratnom razdoblju iselio se u Palestinu. U Tel Avivu je bio suosniva\u010d nove srednje \u0161kole \u00bbTihon Kada\u0161\u00ab, na kojoj je predavao hebrejski jezik i gramatiku, noviju hebrejsku knji\u017eevnost i TANAH. Obu\u010davao je na te\u010dajevima i u\u010ditelje. U izdanju izraelskog instituta \u00bbMi\u0161lav\u00ab objavljeno je niz njegovih djela o TANAH. Tako\u0111er se bavio moralnim, dru\u0161tvenim i ekonomskim problemima i idejama Biblije. Pisao je i pripreme za maturalne ispite te pomagao \u2192 J. Eventovu pri pisanju <span class=\"Italic\">Istorije Jevreja Jugoslavije<\/span>. \u017divio je u Tel Avivu, umro u domu umirovljenika u Jeruzalemu. Supruga mu je bila Mina ro\u0111. Grossman (? \u2013 Tel Aviv, 1982).<\/p>\n<p class=\"Literatura\"><span class=\"SMALL-CAPS\">DJELA:<\/span> <span class=\"Italic\">Sefer Shemot<\/span>. (s. l.) 1965[6].<\/p>\n<p class=\"Literatura\"><span class=\"SMALL-CAPS\">IZV.:<\/span> Arhiv Eventov. \u2013 Podaci o ulazniku C. Loker.<\/p>\n<p class=\"Literatura\"><span class=\"SMALL-CAPS\">LIT.:<\/span> \u017d. Lebl:<span class=\"Italic\"> Ju\u010de, danas. <\/span>Tel Aviv 1999.<\/p>\n","protected":false},"excerpt":{"rendered":"<p>BLOCH, Meir, javni djelatnik i \u017eid. aktivist (Fu\u017eine, 25. VII. 1903 \u2013 Jeruzalem, ?2003). Odrastao je u Osijeku, gdje je zavr\u0161io gimnaziju. Studirao je u Be\u010du filologiju, psihologiju i pedagogiju. Bio je cionisti\u010dki aktivist, svladao kao samouk i hebrejski jezik te dr\u017eao nastavu svojim kolegama iz \u00bbBar Giore\u00ab. God. 1920. odr\u017eao je prvi govor na &hellip; <a href=\"https:\/\/zbl.lzmk.hr\/?p=2514\" class=\"more-link\">Nastavi \u010ditati<span class=\"screen-reader-text\"> &#8220;BLOCH, Meir&#8221;<\/span><\/a><\/p>\n","protected":false},"author":2,"featured_media":0,"comment_status":"closed","ping_status":"open","sticky":false,"template":"","format":"standard","meta":{"footnotes":""},"categories":[2],"tags":[],"class_list":["post-2514","post","type-post","status-publish","format-standard","hentry","category-2"],"_links":{"self":[{"href":"https:\/\/zbl.lzmk.hr\/index.php?rest_route=\/wp\/v2\/posts\/2514"}],"collection":[{"href":"https:\/\/zbl.lzmk.hr\/index.php?rest_route=\/wp\/v2\/posts"}],"about":[{"href":"https:\/\/zbl.lzmk.hr\/index.php?rest_route=\/wp\/v2\/types\/post"}],"author":[{"embeddable":true,"href":"https:\/\/zbl.lzmk.hr\/index.php?rest_route=\/wp\/v2\/users\/2"}],"replies":[{"embeddable":true,"href":"https:\/\/zbl.lzmk.hr\/index.php?rest_route=%2Fwp%2Fv2%2Fcomments&post=2514"}],"version-history":[{"count":0,"href":"https:\/\/zbl.lzmk.hr\/index.php?rest_route=\/wp\/v2\/posts\/2514\/revisions"}],"wp:attachment":[{"href":"https:\/\/zbl.lzmk.hr\/index.php?rest_route=%2Fwp%2Fv2%2Fmedia&parent=2514"}],"wp:term":[{"taxonomy":"category","embeddable":true,"href":"https:\/\/zbl.lzmk.hr\/index.php?rest_route=%2Fwp%2Fv2%2Fcategories&post=2514"},{"taxonomy":"post_tag","embeddable":true,"href":"https:\/\/zbl.lzmk.hr\/index.php?rest_route=%2Fwp%2Fv2%2Ftags&post=2514"}],"curies":[{"name":"wp","href":"https:\/\/api.w.org\/{rel}","templated":true}]}}