{"id":2348,"date":"2016-10-14T22:00:00","date_gmt":"2016-10-14T22:00:00","guid":{"rendered":""},"modified":"2016-10-14T22:00:00","modified_gmt":"2016-10-14T22:00:00","slug":"","status":"publish","type":"post","link":"https:\/\/zbl.lzmk.hr\/?p=2348","title":{"rendered":"BLAU, Moritz (Mavro)"},"content":{"rendered":"<p class=\"Normal\"><span class=\"Bold\">BLAU, Moritz (Mavro), <\/span>gospodarstvenik i javni djelatnik (Kani\u017ea, 1835 \u2013 ?Sisak, nakon 1896). Sin Heinricha i Babette. Doselio se 1866. u Sisak gdje se bavio trgovinom. God. 1871. bio suosniva\u010d dru\u0161tva \u00bbSisa\u010dka dvorana\u00ab. Od 1876. \u010dlan je Arkeologi\u010dkoga dru\u017etva Siscija, a od 1878. spominje se kao blagajnik istoga, s doprinosom od 50 forinti. Izabran je za \u010dlana sisa\u010dkoga Gradskoga zastupstva 1881, a 1884. darovao je 5 forinti za prijenos posmrtnih ostataka Zrinskog i Frankopana. God. 1892. osnovao je bolni\u010dku zakladu, \u010diji je prihod od 2 500 kruna trebao biti iskori\u0161ten za nabavu kirur\u0161ke opreme i posteljine za sisa\u010dku bolnicu. Bio je vlasnik pivovare u Sisku 1884\u201396, kad ju preuzima veletrgovac \u2192 J. Aleksander. Dobio je mjedenu kolajnu za svoj \u00bbExportbier\u00ab na tr\u0161\u0107anskoj izlo\u017ebi 1882. O\u017eenio se 1885. u Zagrebu Fanny Liebermann ro\u0111. Hirschl iz Siska, k\u0107eri Marka i Rozalije.<\/p>\n<p class=\"Literatura\"><span class=\"SMALL-CAPS\">IZV.:<\/span> DAZ, Mati\u010dne knjige \u017didova, Mati\u010dna knjiga vjen\u010danih 1868\u20131885, 227.<\/p>\n<p class=\"Literatura\"><span class=\"SMALL-CAPS\">LIT.:<\/span> <span class=\"Italic\">Izvje\u0161\u0107e o tr\u0161\u0107anskoj izlo\u017ebi godine 1882<\/span>. Zagreb 1883. \u2013 M. Kolar-Dimitrijevi\u0107: Industrijski razvoj Siska u me\u0111uratnom razdoblju s posebnim osvrtom na strukturu i polo\u017eaj radni\u010dke klase. U: <span class=\"Italic\">Zbornik Sisak i Banija u revolucionarnom pokretu i ustanku 1941. <\/span>Sisak 1974. \u2013 <span class=\"Italic\">Zbornik gra\u0111e. Politi\u010dki i dru\u0161tveni pokreti u Sisku 1869\u20131918. <\/span>Sisak 1992.<\/p>\n","protected":false},"excerpt":{"rendered":"<p>BLAU, Moritz (Mavro), gospodarstvenik i javni djelatnik (Kani\u017ea, 1835 \u2013 ?Sisak, nakon 1896). Sin Heinricha i Babette. Doselio se 1866. u Sisak gdje se bavio trgovinom. God. 1871. bio suosniva\u010d dru\u0161tva \u00bbSisa\u010dka dvorana\u00ab. Od 1876. \u010dlan je Arkeologi\u010dkoga dru\u017etva Siscija, a od 1878. spominje se kao blagajnik istoga, s doprinosom od 50 forinti. Izabran je &hellip; <a href=\"https:\/\/zbl.lzmk.hr\/?p=2348\" class=\"more-link\">Nastavi \u010ditati<span class=\"screen-reader-text\"> &#8220;BLAU, Moritz (Mavro)&#8221;<\/span><\/a><\/p>\n","protected":false},"author":2,"featured_media":0,"comment_status":"closed","ping_status":"open","sticky":false,"template":"","format":"standard","meta":{"footnotes":""},"categories":[2],"tags":[],"class_list":["post-2348","post","type-post","status-publish","format-standard","hentry","category-2"],"_links":{"self":[{"href":"https:\/\/zbl.lzmk.hr\/index.php?rest_route=\/wp\/v2\/posts\/2348"}],"collection":[{"href":"https:\/\/zbl.lzmk.hr\/index.php?rest_route=\/wp\/v2\/posts"}],"about":[{"href":"https:\/\/zbl.lzmk.hr\/index.php?rest_route=\/wp\/v2\/types\/post"}],"author":[{"embeddable":true,"href":"https:\/\/zbl.lzmk.hr\/index.php?rest_route=\/wp\/v2\/users\/2"}],"replies":[{"embeddable":true,"href":"https:\/\/zbl.lzmk.hr\/index.php?rest_route=%2Fwp%2Fv2%2Fcomments&post=2348"}],"version-history":[{"count":0,"href":"https:\/\/zbl.lzmk.hr\/index.php?rest_route=\/wp\/v2\/posts\/2348\/revisions"}],"wp:attachment":[{"href":"https:\/\/zbl.lzmk.hr\/index.php?rest_route=%2Fwp%2Fv2%2Fmedia&parent=2348"}],"wp:term":[{"taxonomy":"category","embeddable":true,"href":"https:\/\/zbl.lzmk.hr\/index.php?rest_route=%2Fwp%2Fv2%2Fcategories&post=2348"},{"taxonomy":"post_tag","embeddable":true,"href":"https:\/\/zbl.lzmk.hr\/index.php?rest_route=%2Fwp%2Fv2%2Ftags&post=2348"}],"curies":[{"name":"wp","href":"https:\/\/api.w.org\/{rel}","templated":true}]}}