{"id":2325,"date":"2016-10-14T22:00:00","date_gmt":"2016-10-14T22:00:00","guid":{"rendered":""},"modified":"2016-10-14T22:00:00","modified_gmt":"2016-10-14T22:00:00","slug":"","status":"publish","type":"post","link":"https:\/\/zbl.lzmk.hr\/?p=2325","title":{"rendered":"BLAU, Izidor"},"content":{"rendered":"<p class=\"Normal\"><span class=\"Bold\">BLAU, Izidor, <\/span>trgovac<span class=\"Bold\"> <\/span>(\u010cakovec, 6. I. 1896 \u2013 Jeruzalem, 10. III. 1953). Sin Salamona i Matilde ro\u0111. Rosenthal, brat \u2192 Antuna, Samuela i \u2192 Rudolfa. Osnovnu \u0161kolu i nauk za \u017eeljezarski obrt zavr\u0161io je u \u010cakovcu. Od 1921. suvlasnik je trgovine \u017eeljezom \u00bbBele Pollaka nasljednici\u00ab u Vla\u0161koj ul. u Zagrebu. Sudjelovao je u sportskom dru\u0161tvu Makabi, jedno vrijeme i kao potpredsjednik. Po uspostavi NDH trgovina mu je konfiscirana te sa suprugom Bla\u017eicom ro\u0111. Scheier i s k\u0107eri Ljerkom bje\u017ei u Apricu u Italiji, potom u \u0160vicarsku, gdje su, smje\u0161teni u izbjegli\u010dki logor, do\u017eivjeli kraj II. svj. rata. Obitelj se vratila u Zagreb 1945. Trgovina mu je bila vra\u0107ena, no ubrzo nacionalizirana. U drugoj aliji 1948. iselio se u Izrael, gdje se po\u010deo baviti trgovinom i stolarskim obrtom. Ubio ga je snajperist jordanske vojske pucaju\u0107i u njega sa zidina Staroga grada dok je ulazio u svoje skladi\u0161te u Musrari u zap. dijelu Jeruzalema tik uz nekada\u0161nju granicu. Slu\u010daj je svojedobno dobio publicitet UN. \u2013 K\u0107i <span class=\"Italic\">Ljerka <\/span>(<span class=\"Italic\">Liora<\/span>) (?, 1. I. 1926 \u2013 ?, 30. IX. 2009)  \u017eivjela je u Ri\u0161on Lecionu sa suprugom Darkom Hr\u017ei\u0107em (A\u0161er Harel), sinom \u2192 J. Hr\u017ei\u0107a rodom iz Bjelovara. Njezina su djeca Danija (?, 28. IX. 1949) i Irit te unuke Doeini (?, 6. I. 1977), Efrat (?, 5. VIII. 1980), \u0160lomit (?, 16. XI. 1985) te praunuk Omer (?, 26. VIII. 2008).<\/p>\n<p class=\"Literatura\"><span class=\"SMALL-CAPS\">IZV.:<\/span> HDA, Ponova, Prijava imetka, kut. 662. \u2013 Podaci o ulazniku B. Blau, \u017d. Blau i M. Pasini. \u2013 Telefonski imenik 1941.<\/p>\n<p class=\"Literatura\"><span class=\"SMALL-CAPS\">LIT.:<\/span> M. \u0160vob: <span class=\"Italic\">\u017didovi u Hrvatskoj, <\/span>2. Zagreb 2004.<\/p>\n","protected":false},"excerpt":{"rendered":"<p>BLAU, Izidor, trgovac (\u010cakovec, 6. I. 1896 \u2013 Jeruzalem, 10. III. 1953). Sin Salamona i Matilde ro\u0111. Rosenthal, brat \u2192 Antuna, Samuela i \u2192 Rudolfa. Osnovnu \u0161kolu i nauk za \u017eeljezarski obrt zavr\u0161io je u \u010cakovcu. Od 1921. suvlasnik je trgovine \u017eeljezom \u00bbBele Pollaka nasljednici\u00ab u Vla\u0161koj ul. u Zagrebu. Sudjelovao je u sportskom dru\u0161tvu &hellip; <a href=\"https:\/\/zbl.lzmk.hr\/?p=2325\" class=\"more-link\">Nastavi \u010ditati<span class=\"screen-reader-text\"> &#8220;BLAU, Izidor&#8221;<\/span><\/a><\/p>\n","protected":false},"author":2,"featured_media":0,"comment_status":"closed","ping_status":"open","sticky":false,"template":"","format":"standard","meta":{"footnotes":""},"categories":[2],"tags":[],"class_list":["post-2325","post","type-post","status-publish","format-standard","hentry","category-2"],"_links":{"self":[{"href":"https:\/\/zbl.lzmk.hr\/index.php?rest_route=\/wp\/v2\/posts\/2325"}],"collection":[{"href":"https:\/\/zbl.lzmk.hr\/index.php?rest_route=\/wp\/v2\/posts"}],"about":[{"href":"https:\/\/zbl.lzmk.hr\/index.php?rest_route=\/wp\/v2\/types\/post"}],"author":[{"embeddable":true,"href":"https:\/\/zbl.lzmk.hr\/index.php?rest_route=\/wp\/v2\/users\/2"}],"replies":[{"embeddable":true,"href":"https:\/\/zbl.lzmk.hr\/index.php?rest_route=%2Fwp%2Fv2%2Fcomments&post=2325"}],"version-history":[{"count":0,"href":"https:\/\/zbl.lzmk.hr\/index.php?rest_route=\/wp\/v2\/posts\/2325\/revisions"}],"wp:attachment":[{"href":"https:\/\/zbl.lzmk.hr\/index.php?rest_route=%2Fwp%2Fv2%2Fmedia&parent=2325"}],"wp:term":[{"taxonomy":"category","embeddable":true,"href":"https:\/\/zbl.lzmk.hr\/index.php?rest_route=%2Fwp%2Fv2%2Fcategories&post=2325"},{"taxonomy":"post_tag","embeddable":true,"href":"https:\/\/zbl.lzmk.hr\/index.php?rest_route=%2Fwp%2Fv2%2Ftags&post=2325"}],"curies":[{"name":"wp","href":"https:\/\/api.w.org\/{rel}","templated":true}]}}