{"id":2314,"date":"2016-10-14T22:00:00","date_gmt":"2016-10-14T22:00:00","guid":{"rendered":""},"modified":"2016-10-14T22:00:00","modified_gmt":"2016-10-14T22:00:00","slug":"","status":"publish","type":"post","link":"https:\/\/zbl.lzmk.hr\/?p=2314","title":{"rendered":"BLAU, Hinko (Heinrich)"},"content":{"rendered":"<p class=\"Normal\"><span class=\"Bold\">BLAU, Hinko (Heinrich), <\/span>lije\u010dnik i \u017eid. aktivist (Vara\u017edin, 17. VII. 1866 \u2013 Vara\u017edin, 3. XII. 1928). Sin Ludvigov. Osnovnu \u0161kolu i gimnaziju zavr\u0161io je u rodnom gradu, a Medicinski fakultet 1890. u Be\u010du. Bio je dvadeset godina gradski fizik u Vara\u017edinu, a za I. svj. rata lije\u010dnik u vara\u017edinskoj pri\u010duvnoj bolnici te je 1915. odlikovan po\u010dasnim znakom II. razreda s ratnom dekoracijom. Od 1911. bio je potpredsjednik Op\u0107inskoga odbora \u017dO, a od 1919. do smrti predsj. \u017dO u Vara\u017edinu te mu je prigodom proslave 150. obljetnice \u017didovske op\u0107ine 1927. dodijeljen Orden sv. Save. Zbog svoje humanosti (lije\u010dio besplatno siroma\u0161ne pacijente) i po\u017ertvovnosti, bio je izrazito popularan. Bio je \u010dlan gotovo svih vara\u017edinskih dru\u0161tava, od dobrotvornih preko kulturnih i sportskih do vatrogasnoga, a mnogima je, uz minimalnu naknadu, bio i dru\u0161tveni lije\u010dnik. Za dvadeset godina vjernoga slu\u017ebovanja Vatrogasna zajednica u Zagrebu podijelila mu je 1915. pozla\u0107enu medalju, a 1917. kralj Franjo Josip I. odlikovao ga je zlatnim odli\u010djem za dvadeset i pet godina po\u017ertvovnosti u vatrogastvu pri DVD u Vara\u017edinu. \u2013 Supruga <span class=\"Italic\">Zora <\/span>ro\u0111.<span class=\"Italic\"> Kronfeld,<\/span> javna djelatnica (Zagreb, 1877 \u2013 Vara\u017edin, 1952). Unuka violinista i skladatelja \u2192 Antuna Schwarza. Bila je predsjednica \u017didovskoga gospojinskog dobrotvornog dru\u0161tva od 1925, niz godina tajnica Vara\u017edinskih \u017eena za za\u0161titu djece, a isticala se dobrotvornim djelovanjem i u drugim vara\u017edinskim dru\u0161tvima. Zaslu\u017ena je za promicanje glazb. kulture u Vara\u017edinu. Za I. svj. rata volontirala je u pri\u010duvnoj bolnici u Vara\u017edinu za \u0161to je 1915. bila odlikovana po\u010dasnim znakom II. razreda s ratnom dekoracijom. Nakon osnutka NDH uhi\u0107ena je 13\/14. VII. 1941, s ve\u0107inom vara\u017edinskih \u017didova, i odvedena u sabirni logor na Zagreba\u010dkom zboru. Pu\u0161tena je zahvaljuju\u0107i zauzimanju mnogih uglednika, zbog negodovanja gra\u0111ana te zasluga pokojnoga supruga. Nakon II. svj. rata bila je \u010dlanica Zemaljske komisije za utvr\u0111ivanje zlo\u010dina okupatora i njihovih pomaga\u010da. Pokopana je na \u017didovskom groblju uz svog supruga. \u2013 Otac <span class=\"Italic\">Ludvig,<\/span> javni djelatnik (? \u2013 ?) bio je 1872. jedan od utemeljitelja I. hrvatskoga bolesni\u010dkoga dru\u0161tva u Vara\u017edinu.<\/p>\n<p class=\"Literatura\"><span class=\"SMALL-CAPS\">IZV.:<\/span> HDA, RUR, \u017didovski odsjek, 28422. \u2013 Podaci o ulazniku M. Blass.<\/p>\n<p class=\"Literatura\"><span class=\"SMALL-CAPS\">LIT.:<\/span> Hrvatske pravice, 5(1911) 49; 21(1915) 22, br. 50. \u2013 Hrvatsko pravo, 2(1915) 22, br. 50; 4(1917) 50. \u2013 Narodno jedinstvo, 7(1927) 49. \u2013 \u017didov, 12(1927) 54. \u2013 (Nekrolozi): Lije\u010dni\u010dki vjesnik, podlistak Stale\u0161ki glasnik, 52(1928) 11\/12; \u017didov, 12(1928) 49. \u2013 G. Piasek: <span class=\"Italic\">Nekoliko povijesnih podataka o \u017didovima u Vara\u017edinu<\/span>. Novi Omanut, 3(1995) 11. \u2013 M. Lon\u010dari\u0107: <span class=\"Italic\">Vara\u017edinska dobrotvorna dru\u0161tva 1828.\u20131945<\/span>. (katalog izlo\u017ebe). Vara\u017edin 2001. \u2013 M. \u0160vob: <span class=\"Italic\">\u017didovi u Hrvatskoj,<\/span> 2. Zagreb 2004. \u2013 M. Lon\u010dari\u0107: Hinko Blau. U: <span class=\"Italic\">Tragom \u017eidovske povijesti i kulture u Vara\u017edinu <\/span>(katalog izlo\u017ebe). Vara\u017edin 2003. \u2013 S. Horvat: <span class=\"Italic\">Historijat Vara\u017edinske gimnazije ekstenze. <\/span>Radovi Zavoda za znanstveni rad HAZU Vara\u017edin, 14\/15(2004).<\/p>\n","protected":false},"excerpt":{"rendered":"<p>BLAU, Hinko (Heinrich), lije\u010dnik i \u017eid. aktivist (Vara\u017edin, 17. VII. 1866 \u2013 Vara\u017edin, 3. XII. 1928). Sin Ludvigov. Osnovnu \u0161kolu i gimnaziju zavr\u0161io je u rodnom gradu, a Medicinski fakultet 1890. u Be\u010du. Bio je dvadeset godina gradski fizik u Vara\u017edinu, a za I. svj. rata lije\u010dnik u vara\u017edinskoj pri\u010duvnoj bolnici te je 1915. odlikovan &hellip; <a href=\"https:\/\/zbl.lzmk.hr\/?p=2314\" class=\"more-link\">Nastavi \u010ditati<span class=\"screen-reader-text\"> &#8220;BLAU, Hinko (Heinrich)&#8221;<\/span><\/a><\/p>\n","protected":false},"author":2,"featured_media":0,"comment_status":"closed","ping_status":"open","sticky":false,"template":"","format":"standard","meta":{"footnotes":""},"categories":[2],"tags":[],"class_list":["post-2314","post","type-post","status-publish","format-standard","hentry","category-2"],"_links":{"self":[{"href":"https:\/\/zbl.lzmk.hr\/index.php?rest_route=\/wp\/v2\/posts\/2314"}],"collection":[{"href":"https:\/\/zbl.lzmk.hr\/index.php?rest_route=\/wp\/v2\/posts"}],"about":[{"href":"https:\/\/zbl.lzmk.hr\/index.php?rest_route=\/wp\/v2\/types\/post"}],"author":[{"embeddable":true,"href":"https:\/\/zbl.lzmk.hr\/index.php?rest_route=\/wp\/v2\/users\/2"}],"replies":[{"embeddable":true,"href":"https:\/\/zbl.lzmk.hr\/index.php?rest_route=%2Fwp%2Fv2%2Fcomments&post=2314"}],"version-history":[{"count":0,"href":"https:\/\/zbl.lzmk.hr\/index.php?rest_route=\/wp\/v2\/posts\/2314\/revisions"}],"wp:attachment":[{"href":"https:\/\/zbl.lzmk.hr\/index.php?rest_route=%2Fwp%2Fv2%2Fmedia&parent=2314"}],"wp:term":[{"taxonomy":"category","embeddable":true,"href":"https:\/\/zbl.lzmk.hr\/index.php?rest_route=%2Fwp%2Fv2%2Fcategories&post=2314"},{"taxonomy":"post_tag","embeddable":true,"href":"https:\/\/zbl.lzmk.hr\/index.php?rest_route=%2Fwp%2Fv2%2Ftags&post=2314"}],"curies":[{"name":"wp","href":"https:\/\/api.w.org\/{rel}","templated":true}]}}