{"id":2270,"date":"2016-10-14T22:00:00","date_gmt":"2016-10-14T22:00:00","guid":{"rendered":""},"modified":"2016-10-14T22:00:00","modified_gmt":"2016-10-14T22:00:00","slug":"","status":"publish","type":"post","link":"https:\/\/zbl.lzmk.hr\/?p=2270","title":{"rendered":"BLAU, Adolf"},"content":{"rendered":"<p class=\"Normal\"><span class=\"Bold\">BLAU, Adolf, <\/span>trgovac i knji\u017ear (Budimpe\u0161ta, 22. I. 1886 \u2013 Auschwitz, 1944). Sin Eduarda Leopolda, otac violinistice Ljerke Samlai\u0107. U Hrvatsku se doselio 1891. iz Ma\u0111arske. Od 1920. u Zagrebu je vlasnik zagreba\u010dkoga skladi\u0161ta papira \u00bbA. Blau\u00ab, te jedine zagreba\u010dke \u017eid. knji\u017eare u Pra\u0161koj ul. u kojoj je dr\u017eao velik izbor doma\u0107e i strane \u017eid. literature, muzikalije i u\u010dila sa skladi\u0161tem na Kaptolu. God. 1940. prodavao je u knji\u017eari franc. novine koje, po rije\u010dima njem. generalnoga konzula u Zagrebu, karikaturama te\u0161ko vrije\u0111aju Hitlera. Po uspostavi NDH sa suprugom Fridom ro\u0111. Spitzer, rodom iz Karlovca, preuzeo je \u017eid. znak. Prebjegao je u Hrvatsko primorje i sa suprugom interniran u logore u Kraljevici i Kamporu na Rabu, gdje je ostao nakon kapitulacije Italije u rujnu 1943, te su ih Nijemci u o\u017eujku 1944. deportirali u Auschwitz, gdje su stradali. Stradala je i k\u0107i Ljerka sa suprugom \u2192 E. Samlai\u0107em.<\/p>\n<p class=\"Literatura\"><span class=\"SMALL-CAPS\">IZV.:<\/span> HDA, Ponova, Prijava imetka, kut. 662. \u2013 HDA, BH ODZ, kut. 56, 16607. \u2013 K\u017dZ. \u2013 Podaci o ulazniku B. Poli\u0107. \u2013 Telefonski imenik 1941.<\/p>\n<p class=\"Literatura\"><span class=\"SMALL-CAPS\">LIT.:<\/span> M. \u0160vob: <span class=\"Italic\">\u017didovi u Hrvatskoj, <\/span>Zagreb 2004.<\/p>\n","protected":false},"excerpt":{"rendered":"<p>BLAU, Adolf, trgovac i knji\u017ear (Budimpe\u0161ta, 22. I. 1886 \u2013 Auschwitz, 1944). Sin Eduarda Leopolda, otac violinistice Ljerke Samlai\u0107. U Hrvatsku se doselio 1891. iz Ma\u0111arske. Od 1920. u Zagrebu je vlasnik zagreba\u010dkoga skladi\u0161ta papira \u00bbA. Blau\u00ab, te jedine zagreba\u010dke \u017eid. knji\u017eare u Pra\u0161koj ul. u kojoj je dr\u017eao velik izbor doma\u0107e i strane \u017eid. &hellip; <a href=\"https:\/\/zbl.lzmk.hr\/?p=2270\" class=\"more-link\">Nastavi \u010ditati<span class=\"screen-reader-text\"> &#8220;BLAU, Adolf&#8221;<\/span><\/a><\/p>\n","protected":false},"author":2,"featured_media":0,"comment_status":"closed","ping_status":"open","sticky":false,"template":"","format":"standard","meta":{"footnotes":""},"categories":[2],"tags":[],"class_list":["post-2270","post","type-post","status-publish","format-standard","hentry","category-2"],"_links":{"self":[{"href":"https:\/\/zbl.lzmk.hr\/index.php?rest_route=\/wp\/v2\/posts\/2270"}],"collection":[{"href":"https:\/\/zbl.lzmk.hr\/index.php?rest_route=\/wp\/v2\/posts"}],"about":[{"href":"https:\/\/zbl.lzmk.hr\/index.php?rest_route=\/wp\/v2\/types\/post"}],"author":[{"embeddable":true,"href":"https:\/\/zbl.lzmk.hr\/index.php?rest_route=\/wp\/v2\/users\/2"}],"replies":[{"embeddable":true,"href":"https:\/\/zbl.lzmk.hr\/index.php?rest_route=%2Fwp%2Fv2%2Fcomments&post=2270"}],"version-history":[{"count":0,"href":"https:\/\/zbl.lzmk.hr\/index.php?rest_route=\/wp\/v2\/posts\/2270\/revisions"}],"wp:attachment":[{"href":"https:\/\/zbl.lzmk.hr\/index.php?rest_route=%2Fwp%2Fv2%2Fmedia&parent=2270"}],"wp:term":[{"taxonomy":"category","embeddable":true,"href":"https:\/\/zbl.lzmk.hr\/index.php?rest_route=%2Fwp%2Fv2%2Fcategories&post=2270"},{"taxonomy":"post_tag","embeddable":true,"href":"https:\/\/zbl.lzmk.hr\/index.php?rest_route=%2Fwp%2Fv2%2Ftags&post=2270"}],"curies":[{"name":"wp","href":"https:\/\/api.w.org\/{rel}","templated":true}]}}