{"id":2259,"date":"2016-10-14T22:00:00","date_gmt":"2016-10-14T22:00:00","guid":{"rendered":""},"modified":"2016-10-14T22:00:00","modified_gmt":"2016-10-14T22:00:00","slug":"","status":"publish","type":"post","link":"https:\/\/zbl.lzmk.hr\/?p=2259","title":{"rendered":"BLASS, Milan"},"content":{"rendered":"<p class=\"Normal\"><span class=\"Bold\">BLASS, Milan,<\/span> tekstilni in\u017eenjer (Sv. Barbara, Slovenija, 18. III. 1914 \u2013 Vara\u017edin, 23. XI. 2003). Sin Emila i Zlate ro\u0111. Stern. Nakon zavr\u0161ene gimnazije u Vara\u017edinu, 1933. zaposlio se u Vara\u017edinskoj industriji svile d. d. Isprva je radio kao obi\u010dni radnik u bojadisaoni apreturi, a 1937\u201338. usavr\u0161avao se na Dr\u017eavnom naukovnom i ispitnom zavodu za tekstilnu industriju u Be\u010du. Stekav\u0161i zvanje in\u017eenjera tekstila kemijskoga smjera postao je zamjenik majstora u bojadisaoni apreturi. Nakon uspostave NDH kao neophodan stru\u010dnjak bio je po\u0161te\u0111en progona te je u listopadu 1941. dobio dopusnicu za slobodno kretanje, a ve\u0107 u studenom je pre\u0161ao na katoli\u010danstvo. Od deportacije je spasio svog petomjese\u010dnog brati\u0107a \u2192 V. Harija i ne\u0107aka Artura Rosnera, otpremiv\u0161i ih u selo Cerje Nebojse te se cijelog rata za njih brinuo i pla\u0107ao obitelji Kumri\u0107 (progla\u0161eni Pravednicima me\u0111u narodima), koja ih je \u010duvala. Nakon II. svj. rata bio je \u010dlan Komisije za utvr\u0111ivanje ratnih zlo\u010dina daju\u0107i informacije o pre\u017eivjelim vara\u017edinskim \u017didovima i njihovim potomcima. Kao strastveni filatelist 1934. jedan je od osniva\u010da vara\u017edinskoga Filatelisti\u010dkoga kluba, a 1937. prvi je put izlagao na filatelisti\u010dkoj izlo\u017ebi u Vara\u017edinu. Ve\u0107 1941. njegova je zbirka imala takvu vrijednost da ju je prijavio vlastima NDH kao imetak. Filatelisti\u010dki savez Hrvatske odlikovao ga je zlatnim znakom, a Vara\u017edinski klub kolekcionara proglasio ga do\u017eivotnim po\u010dasnim \u010delnikom filatelisti\u010dke sekcije. Bio je djelatan u dru\u0161tvenom i kult. \u017eivotu Vara\u017edina, a od 1968. kao suradnik \u017deljezni\u010darske glazbe, prevoditelj i korespondent te kao poznavatelj vi\u0161e svjetskih jezika vodi\u010d na putovanjima po Europi. Potpredsjednik Auto-moto dru\u0161tva Vara\u017edin bio je punih petnaest godina. Za rad i doprinos op\u0107em dobru i kulturi grada dobio je godi\u0161nju nagradu grada Vara\u017edina.<\/p>\n<p class=\"Literatura\"><span class=\"SMALL-CAPS\">IZV.:<\/span> HDA, Ponova, Prijava imetka, kut. 651. \u2013 Osobni podaci ulaznika. \u2013 Podaci o ulazniku M. Hary Ben Cvi.<\/p>\n<p class=\"Literatura\"><span class=\"SMALL-CAPS\">LIT.:<\/span> Vara\u017edinske novosti, 9(1937) 373. \u2013 G. Igrec: <span class=\"Italic\">Na\u0161i pravednici<\/span>. Regionalni tjednik, 5(2009), 23. VI. \u2013 M. Steiner-Aviezer: <span class=\"Italic\">Hrvatski pravednici.<\/span> Zagreb 2008.<\/p>\n","protected":false},"excerpt":{"rendered":"<p>BLASS, Milan, tekstilni in\u017eenjer (Sv. Barbara, Slovenija, 18. III. 1914 \u2013 Vara\u017edin, 23. XI. 2003). Sin Emila i Zlate ro\u0111. Stern. Nakon zavr\u0161ene gimnazije u Vara\u017edinu, 1933. zaposlio se u Vara\u017edinskoj industriji svile d. d. Isprva je radio kao obi\u010dni radnik u bojadisaoni apreturi, a 1937\u201338. usavr\u0161avao se na Dr\u017eavnom naukovnom i ispitnom zavodu za &hellip; <a href=\"https:\/\/zbl.lzmk.hr\/?p=2259\" class=\"more-link\">Nastavi \u010ditati<span class=\"screen-reader-text\"> &#8220;BLASS, Milan&#8221;<\/span><\/a><\/p>\n","protected":false},"author":2,"featured_media":0,"comment_status":"closed","ping_status":"open","sticky":false,"template":"","format":"standard","meta":{"footnotes":""},"categories":[2],"tags":[],"class_list":["post-2259","post","type-post","status-publish","format-standard","hentry","category-2"],"_links":{"self":[{"href":"https:\/\/zbl.lzmk.hr\/index.php?rest_route=\/wp\/v2\/posts\/2259"}],"collection":[{"href":"https:\/\/zbl.lzmk.hr\/index.php?rest_route=\/wp\/v2\/posts"}],"about":[{"href":"https:\/\/zbl.lzmk.hr\/index.php?rest_route=\/wp\/v2\/types\/post"}],"author":[{"embeddable":true,"href":"https:\/\/zbl.lzmk.hr\/index.php?rest_route=\/wp\/v2\/users\/2"}],"replies":[{"embeddable":true,"href":"https:\/\/zbl.lzmk.hr\/index.php?rest_route=%2Fwp%2Fv2%2Fcomments&post=2259"}],"version-history":[{"count":0,"href":"https:\/\/zbl.lzmk.hr\/index.php?rest_route=\/wp\/v2\/posts\/2259\/revisions"}],"wp:attachment":[{"href":"https:\/\/zbl.lzmk.hr\/index.php?rest_route=%2Fwp%2Fv2%2Fmedia&parent=2259"}],"wp:term":[{"taxonomy":"category","embeddable":true,"href":"https:\/\/zbl.lzmk.hr\/index.php?rest_route=%2Fwp%2Fv2%2Fcategories&post=2259"},{"taxonomy":"post_tag","embeddable":true,"href":"https:\/\/zbl.lzmk.hr\/index.php?rest_route=%2Fwp%2Fv2%2Ftags&post=2259"}],"curies":[{"name":"wp","href":"https:\/\/api.w.org\/{rel}","templated":true}]}}