{"id":2191,"date":"2016-10-14T22:00:00","date_gmt":"2016-10-14T22:00:00","guid":{"rendered":""},"modified":"2016-10-14T22:00:00","modified_gmt":"2016-10-14T22:00:00","slug":"","status":"publish","type":"post","link":"https:\/\/zbl.lzmk.hr\/?p=2191","title":{"rendered":"BJELINSKI, Alan"},"content":{"rendered":"<p class=\"Normal\"><span class=\"Bold\">BJELINSKI, Alan, <\/span>dirigent (Zagreb, 16. VI. 1964). Sin \u2192 Brune i Ljerke ro\u0111. Plesli\u0107. Stekav\u0161i ni\u017ee i srednje glazb. obrazovanje (klavir), diplomirao je dirigiranje na Muzi\u010dkoj akademiji u Zagrebu kod Igora Gjadrova te magistrirao 1990. u klasi Pavla De\u0161palja. Kao stipendist Fonda za usavr\u0161avanje mladih dirigenata \u00bbLovro Mata\u010di\u0107\u00ab, usavr\u0161avao se u Salzburgu na Mozarteumu kod Michaela Gielena. Sura\u0111ivao je 1980-ih s mnogim vode\u0107im hrv. rock-grupama <span class=\"Italic\">(Film, Aerodrom, Haustor).<\/span> God. 1989. osnovao je u Zagrebu komorni orkestar <span class=\"Italic\">Windstrings,<\/span> a 1991\u201394. bio je stalni dirigent Simfonijskog orkestra HRT. Dirigirao je Zagreba\u010dkom filharmonijom, Dubrova\u010dkim simfonijskim orkestrom, orkestrima HNK u Zagrebu, Splitu i Rijeci, Simfonijskim orkestrom Brigham Young University (Utah, SAD) te Udinskim filharmonijskim orkestrom. Vodio je i klezmer grupu \u017dOZ <span class=\"Italic\">(\u017dozeri).<\/span> Nastupa u zemlji i inozemstvu, vrlo \u010desto vodi orkestre, koji prate rock i pop-pjeva\u010de (Eurosong, Oslo 1996). Sklada komornu glazbu te glazbu za film, kazali\u0161te, video i televiziju. Dobitnik je nagrade \u00bbPorin\u00ab za najbolji aran\u017eman (1998) te Nagrade hrvatskoga glumi\u0161ta za dirigiranje u predstavi <span class=\"Italic\">Ma\u010dak u \u010dizmama <\/span>B. Bjelinskoga (2003). \u010clan je Hrvatskoga dru\u0161tva glazbenih umjetnika.<\/p>\n<p class=\"Literatura\"><span class=\"SMALL-CAPS\">LIT.:<\/span> <span class=\"Italic\">Bjelinski, Alan<\/span>. Hrvatski leksikon, 1. Zagreb 1996. \u2013 <span class=\"Italic\">Bjelinski, Alan<\/span>. Hrvatska enciklopedija, 2. Zagreb 2000. \u2013 J. Ili\u0107: <span class=\"Italic\">Klasi\u010dar na estradi<\/span>. Nedjeljni Vjesnik, 61(2000) 18856. \u2013 P. Boi\u0107: <span class=\"Italic\">Klasika mi je najve\u0107a ljubav, ali od nje ne mogu \u017eivjeti<\/span>. Vjesnik, 63(2002) 19754. \u2013 V. Pale\u010dek: <span class=\"Italic\">Koncert mi je svetinja<\/span>. Slobodna Dalmacija, 62(2004) 19342. \u2013 D. Sinov\u010di\u0107: <span class=\"Italic\">Alan Bjelinski \u2013 klasi\u010dni dirigent me\u0111u pop zvijezdama<\/span>. Nacional, 10(2004) 429. \u2013 \u017d. Ciglar: <span class=\"Italic\">\u017divot za pljesak, srce za kazali\u0161te i glumi\u0161te<\/span>. Ve\u010dernji list, 46(2006) 15454. \u2013 N. O\u017eegovi\u0107: <span class=\"Italic\">Alan Bjelinski \u2013 rockerski \u017eivot dirigenta u fraku<\/span>. Ibid., 15(2009) 729.<\/p>\n","protected":false},"excerpt":{"rendered":"<p>BJELINSKI, Alan, dirigent (Zagreb, 16. VI. 1964). Sin \u2192 Brune i Ljerke ro\u0111. Plesli\u0107. Stekav\u0161i ni\u017ee i srednje glazb. obrazovanje (klavir), diplomirao je dirigiranje na Muzi\u010dkoj akademiji u Zagrebu kod Igora Gjadrova te magistrirao 1990. u klasi Pavla De\u0161palja. Kao stipendist Fonda za usavr\u0161avanje mladih dirigenata \u00bbLovro Mata\u010di\u0107\u00ab, usavr\u0161avao se u Salzburgu na Mozarteumu kod &hellip; <a href=\"https:\/\/zbl.lzmk.hr\/?p=2191\" class=\"more-link\">Nastavi \u010ditati<span class=\"screen-reader-text\"> &#8220;BJELINSKI, Alan&#8221;<\/span><\/a><\/p>\n","protected":false},"author":2,"featured_media":0,"comment_status":"closed","ping_status":"open","sticky":false,"template":"","format":"standard","meta":{"footnotes":""},"categories":[2],"tags":[],"class_list":["post-2191","post","type-post","status-publish","format-standard","hentry","category-2"],"_links":{"self":[{"href":"https:\/\/zbl.lzmk.hr\/index.php?rest_route=\/wp\/v2\/posts\/2191"}],"collection":[{"href":"https:\/\/zbl.lzmk.hr\/index.php?rest_route=\/wp\/v2\/posts"}],"about":[{"href":"https:\/\/zbl.lzmk.hr\/index.php?rest_route=\/wp\/v2\/types\/post"}],"author":[{"embeddable":true,"href":"https:\/\/zbl.lzmk.hr\/index.php?rest_route=\/wp\/v2\/users\/2"}],"replies":[{"embeddable":true,"href":"https:\/\/zbl.lzmk.hr\/index.php?rest_route=%2Fwp%2Fv2%2Fcomments&post=2191"}],"version-history":[{"count":0,"href":"https:\/\/zbl.lzmk.hr\/index.php?rest_route=\/wp\/v2\/posts\/2191\/revisions"}],"wp:attachment":[{"href":"https:\/\/zbl.lzmk.hr\/index.php?rest_route=%2Fwp%2Fv2%2Fmedia&parent=2191"}],"wp:term":[{"taxonomy":"category","embeddable":true,"href":"https:\/\/zbl.lzmk.hr\/index.php?rest_route=%2Fwp%2Fv2%2Fcategories&post=2191"},{"taxonomy":"post_tag","embeddable":true,"href":"https:\/\/zbl.lzmk.hr\/index.php?rest_route=%2Fwp%2Fv2%2Ftags&post=2191"}],"curies":[{"name":"wp","href":"https:\/\/api.w.org\/{rel}","templated":true}]}}