{"id":2169,"date":"2016-10-14T22:00:00","date_gmt":"2016-10-14T22:00:00","guid":{"rendered":""},"modified":"2016-10-14T22:00:00","modified_gmt":"2016-10-14T22:00:00","slug":"","status":"publish","type":"post","link":"https:\/\/zbl.lzmk.hr\/?p=2169","title":{"rendered":"BI\u0160ICKI, Antonija (Bi\u0161icky, Bischitzky; Tonka)"},"content":{"rendered":"<p class=\"Normal\"><span class=\"Bold\">BI\u0160ICKI, Antonija (Bi\u0161icky, Bischitzky; Tonka),<\/span> glazb. pedagoginja (Travnik, BiH, 17. II. 1907 \u2013 Zagreb, 13. XI. 1996). K\u0107i Ljudevita i Hermine ro\u0111. Feldbauer. U me\u0111uratnom razdoblju \u017eivjela je u Zagrebu. Po osnutku NDH ostala je bez posla i preuzela \u017eid. znak. Prebjegla je na Hrvatsko primorje te bila internirana u logor u Kraljevici, potom u Kampor na Rabu. Nakon kapitulacije Italije, u rujnu 1943, pristupila je partizanima djeluju\u0107i kao bolni\u010darka u dje\u010djoj bolnici u Buzetu, a zatim nastavnica glazbe u partizanskoj gimnaziji u Glini. Nakon II. svj. rata vratila se u Zagreb te bila profesorica klavira na zagreba\u010dkim glazb. \u0161kolama te 1951\u201360. ravnateljica Glazbene \u0161kole \u00bbPavao Markovac\u00ab. \u2013 Otac <span class=\"Italic\">Ljudevit,<\/span> bankovni slu\u017ebenik (Sluhy, \u010ce\u0161ka, 5. VII. 1876 \u2013 Zagreb, 27. V. 1957). Iz \u010ce\u0161ke se 1898. doselio u Bosanski \u0160amac, gdje postaje direktor tamo\u0161nje ekspoziture Privilegovane banke za BiH. Poslije seli u Travnik, gdje se o\u017eenio Herminom (Minom) ro\u0111. Feldbauer. Oko 1930. doselio se s obitelji u Zagreb te kupio ku\u0107u u Baboni\u0107evoj ul. Mirovinu stekao kao \u010dinovnik Zemaljske banke za BiH. Po uspostavi NDH sa suprugom je preuzeo \u017eid. znak te su izbjegli iz Zagreba. Oboje su pre\u017eivjeli II. svj. rat.<\/p>\n<p class=\"Literatura\"><span class=\"SMALL-CAPS\">IZV.:<\/span> HDA, Ponova, Prijava imetka, kut. 662.  \u2013 K\u017dZ. \u2013 Podaci o ulaznici B. Poli\u0107. \u2013 \u017dOZ, Knjiga umrlih.<\/p>\n<p class=\"Literatura\"><span class=\"SMALL-CAPS\">LIT.:<\/span> J. Romano: <span class=\"Italic\">Jevreji Jugoslavije 1941\u20131945. \u017drtve genocida i u\u010desnici narodnooslobodila\u010dkog rata. <\/span>Beograd 1980. <span class=\"Italic\">\u2013 <\/span>M. \u0160vob: <span class=\"Italic\">\u017didovi u Hrvatskoj, <\/span>2. Zagreb 2004. <\/p>\n","protected":false},"excerpt":{"rendered":"<p>BI\u0160ICKI, Antonija (Bi\u0161icky, Bischitzky; Tonka), glazb. pedagoginja (Travnik, BiH, 17. II. 1907 \u2013 Zagreb, 13. XI. 1996). K\u0107i Ljudevita i Hermine ro\u0111. Feldbauer. U me\u0111uratnom razdoblju \u017eivjela je u Zagrebu. Po osnutku NDH ostala je bez posla i preuzela \u017eid. znak. Prebjegla je na Hrvatsko primorje te bila internirana u logor u Kraljevici, potom u &hellip; <a href=\"https:\/\/zbl.lzmk.hr\/?p=2169\" class=\"more-link\">Nastavi \u010ditati<span class=\"screen-reader-text\"> &#8220;BI\u0160ICKI, Antonija (Bi\u0161icky, Bischitzky; Tonka)&#8221;<\/span><\/a><\/p>\n","protected":false},"author":2,"featured_media":0,"comment_status":"closed","ping_status":"open","sticky":false,"template":"","format":"standard","meta":{"footnotes":""},"categories":[2],"tags":[],"class_list":["post-2169","post","type-post","status-publish","format-standard","hentry","category-2"],"_links":{"self":[{"href":"https:\/\/zbl.lzmk.hr\/index.php?rest_route=\/wp\/v2\/posts\/2169"}],"collection":[{"href":"https:\/\/zbl.lzmk.hr\/index.php?rest_route=\/wp\/v2\/posts"}],"about":[{"href":"https:\/\/zbl.lzmk.hr\/index.php?rest_route=\/wp\/v2\/types\/post"}],"author":[{"embeddable":true,"href":"https:\/\/zbl.lzmk.hr\/index.php?rest_route=\/wp\/v2\/users\/2"}],"replies":[{"embeddable":true,"href":"https:\/\/zbl.lzmk.hr\/index.php?rest_route=%2Fwp%2Fv2%2Fcomments&post=2169"}],"version-history":[{"count":0,"href":"https:\/\/zbl.lzmk.hr\/index.php?rest_route=\/wp\/v2\/posts\/2169\/revisions"}],"wp:attachment":[{"href":"https:\/\/zbl.lzmk.hr\/index.php?rest_route=%2Fwp%2Fv2%2Fmedia&parent=2169"}],"wp:term":[{"taxonomy":"category","embeddable":true,"href":"https:\/\/zbl.lzmk.hr\/index.php?rest_route=%2Fwp%2Fv2%2Fcategories&post=2169"},{"taxonomy":"post_tag","embeddable":true,"href":"https:\/\/zbl.lzmk.hr\/index.php?rest_route=%2Fwp%2Fv2%2Ftags&post=2169"}],"curies":[{"name":"wp","href":"https:\/\/api.w.org\/{rel}","templated":true}]}}