{"id":2158,"date":"2016-10-14T22:00:00","date_gmt":"2016-10-14T22:00:00","guid":{"rendered":""},"modified":"2016-10-14T22:00:00","modified_gmt":"2016-10-14T22:00:00","slug":"","status":"publish","type":"post","link":"https:\/\/zbl.lzmk.hr\/?p=2158","title":{"rendered":"BISCHITZ, Franjo (Bisch\u00fctz)"},"content":{"rendered":"<p class=\"Normal\"><span class=\"Bold\">BISCHITZ, Franjo (Bisch\u00fctz),<\/span> neuropsihijatar (Pisarovina, 25. VIII. 1914 \u2013 Br\u010dko ili Trnovo, BiH, IV. 1944). Sin burzovnog me\u0161etara Mavra (Sopron, Ma\u0111arska, 27. VII. 1872 \u2013 ?Auschwitz, ?1942) koji je 1889. do\u0161ao iz Ma\u0111arske u Hrvatsku i Kornelije (Nelly) (Eisenstadt, Austrija, 16. III. 1889 \u2013 ?Auschwitz, ?1942). F. je gimnaziju zavr\u0161io u Zagrebu, gdje je 1938\/39. diplomirao na Medicinskom fakultetu te specijalizirao neuropsihijatriju. Radio je na neurolo\u0161kom odjelu Zakladne bolnice na Svetom Duhu (danas KB \u00bbSveti Duh\u00ab), a 4. VII. 1940. ban Ivan \u0160uba\u0161i\u0107 postavio ga je za zdravstvenoga vje\u017ebenika 8. polo\u017eajne skupine u Psihijatrijskoj bolnici (danas Klinika za psihijatriju) Vrap\u010de, gdje je gotovo od po\u010d. rata prikupljao lijekove i odje\u0107u za partizanske borce. Kao lije\u010dnik u dr\u017eavnoj slu\u017ebi 15. VIII. 1942. tra\u017eio je da se iz sabirnoga logora puste njegovi roditelji, koji su 8. VIII. 1942. odvedeni iz svoga stana u Zagrebu, no oni su ve\u0107 bili transportirani u neki od logora. Iste god. premje\u0161ten je u Pakrac, gdje je djelovao do 1943. kad se priklju\u010dio partizanima djeluju\u0107i kao referent saniteta 7. banijske divizije s kojom je dospio u Bosnu i pro\u0161ao 4. i 5. ofenzivu. Kad se u srpnju 1943. Vrhovni \u0161tab morao povla\u010diti, ostao je s najte\u017eim ranjenicima preboljev\u0161i pjegavac. U takvom stanju pratio je stotinu te\u0161kih ranjenika na Majevicu u Semberiji. Od ljeta 1943. do svibnja 1944. ostao je na Majevici kao \u0161ef zarazne bolnice 3. korpusa, poku\u0161avaju\u0107i suzbiti epidemiju pjegavca. Tamo ga je zatekla 7. ofenziva te je ostao u zemunicama s ranjenicima. Otkriven je i odveden u Br\u010dko (prema drugomu izvoru u Trnovo) i strijeljan.<\/p>\n<p class=\"Literatura\"><span class=\"SMALL-CAPS\">IZV.:<\/span> HDA, Ponova, Prijava imetka, kut. 662. \u2013 HDA, RUR, \u017didovski odsjek, 28173, 29821.<\/p>\n<p class=\"Literatura\"><span class=\"SMALL-CAPS\">LIT.:<\/span> J. Desider: (Nekrolog). Lije\u010dni\u010dki vjesnik, 68(1946) 1\/2. \u2013 \u0160. Novosel: <span class=\"Italic\">Lije\u010dnici iz Hrvatske u NOB<\/span>. Lije\u010dni\u010dki vjesnik, 73(1951) 8\/9. \u2013 J. Romano: <span class=\"Italic\">Jevreji Jugoslavije 1941\u20131945. \u017drtve genocida i u\u010desnici narodnooslobodila\u010dkog rata<\/span>. Beograd 1980. \u2013 M. \u0160vob: <span class=\"Italic\">\u017didovi u Hrvatskoj,<\/span> 2. Zagreb 2004. \u2013 B. Blau: <span class=\"Italic\">Studenti \u017didovi Medicinskog fakulteta Sveu\u010dili\u0161ta u Zagrebu<\/span>. Zagreb 2006. <\/p>\n","protected":false},"excerpt":{"rendered":"<p>BISCHITZ, Franjo (Bisch\u00fctz), neuropsihijatar (Pisarovina, 25. VIII. 1914 \u2013 Br\u010dko ili Trnovo, BiH, IV. 1944). Sin burzovnog me\u0161etara Mavra (Sopron, Ma\u0111arska, 27. VII. 1872 \u2013 ?Auschwitz, ?1942) koji je 1889. do\u0161ao iz Ma\u0111arske u Hrvatsku i Kornelije (Nelly) (Eisenstadt, Austrija, 16. III. 1889 \u2013 ?Auschwitz, ?1942). F. je gimnaziju zavr\u0161io u Zagrebu, gdje je 1938\/39. &hellip; <a href=\"https:\/\/zbl.lzmk.hr\/?p=2158\" class=\"more-link\">Nastavi \u010ditati<span class=\"screen-reader-text\"> &#8220;BISCHITZ, Franjo (Bisch\u00fctz)&#8221;<\/span><\/a><\/p>\n","protected":false},"author":2,"featured_media":0,"comment_status":"closed","ping_status":"open","sticky":false,"template":"","format":"standard","meta":{"footnotes":""},"categories":[2],"tags":[],"class_list":["post-2158","post","type-post","status-publish","format-standard","hentry","category-2"],"_links":{"self":[{"href":"https:\/\/zbl.lzmk.hr\/index.php?rest_route=\/wp\/v2\/posts\/2158"}],"collection":[{"href":"https:\/\/zbl.lzmk.hr\/index.php?rest_route=\/wp\/v2\/posts"}],"about":[{"href":"https:\/\/zbl.lzmk.hr\/index.php?rest_route=\/wp\/v2\/types\/post"}],"author":[{"embeddable":true,"href":"https:\/\/zbl.lzmk.hr\/index.php?rest_route=\/wp\/v2\/users\/2"}],"replies":[{"embeddable":true,"href":"https:\/\/zbl.lzmk.hr\/index.php?rest_route=%2Fwp%2Fv2%2Fcomments&post=2158"}],"version-history":[{"count":0,"href":"https:\/\/zbl.lzmk.hr\/index.php?rest_route=\/wp\/v2\/posts\/2158\/revisions"}],"wp:attachment":[{"href":"https:\/\/zbl.lzmk.hr\/index.php?rest_route=%2Fwp%2Fv2%2Fmedia&parent=2158"}],"wp:term":[{"taxonomy":"category","embeddable":true,"href":"https:\/\/zbl.lzmk.hr\/index.php?rest_route=%2Fwp%2Fv2%2Fcategories&post=2158"},{"taxonomy":"post_tag","embeddable":true,"href":"https:\/\/zbl.lzmk.hr\/index.php?rest_route=%2Fwp%2Fv2%2Ftags&post=2158"}],"curies":[{"name":"wp","href":"https:\/\/api.w.org\/{rel}","templated":true}]}}