{"id":2136,"date":"2016-10-14T22:00:00","date_gmt":"2016-10-14T22:00:00","guid":{"rendered":""},"modified":"2016-10-14T22:00:00","modified_gmt":"2016-10-14T22:00:00","slug":"","status":"publish","type":"post","link":"https:\/\/zbl.lzmk.hr\/?p=2136","title":{"rendered":"BING, Albert (Berti)"},"content":{"rendered":"<p class=\"Normal\"><span class=\"Bold\">BING, Albert (Berti), <\/span>povjesni\u010dar<span class=\"Bold\"> <\/span>(Novi Sad, Srbija, 6. XII. 1956). Sin Ota i Ane ro\u0111. Amon. Diplomirao povijest i filozofiju 1985. na Filozofskom fakultetu u Zagrebu, gdje je magistrirao 1999. tezom <span class=\"Italic\">Ameri\u010dki na\u010din \u017eivota u zagreba\u010dkom dnevnom listu Obzor 1929.\u20131933.<\/span> i doktorirao 2005. tezom <span class=\"Italic\">Hrvatsko-ameri\u010dki odnosi 1991.\u20131995.<\/span> Od 2001. zaposlen je u Hrvatskom institutu za povijest na projektu \u00bbStvaranje Republike Hrvatske i Domovinski rat 1991.\u20131995.\u20131998\u00ab. God. 1991\u201398. sudjeluje u radu Hrvatskoga informativnog centra na prikupljanju gra\u0111e povezane uz \u017ertvoslovlje. Suosniva\u010d je arhiva Domovinskog rata i arhiva o ratnim zlo\u010dinima. U istom razdoblju radi i kao novinar vanjski suradnik <span class=\"Italic\">Ve\u010dernjeg lista<\/span> (kolumnist podlistka za inozemstvo <span class=\"Italic\">Dom i Svijet<\/span>) te objavljuje u <span class=\"Italic\">Novom listu,<\/span> <span class=\"Italic\">Matici iseljenika<\/span> i drugdje. U razdoblju 1991\u201393. kao scenarist i redatelj sura\u0111uje s HTV (vanjsko-politi\u010dka emisija <span class=\"Italic\">Spektar,<\/span> redakcija inozemnoga programa). U studenom 1992. izabran je za prvog predsj. hrv. ogranka svjetske organizacije \u00bbInternational Society for Human Rights\u00ab (ISHR) sa sjedi\u0161tem u Frankfurtu, usmjerene na humanitarnu pomo\u0107 \u017ertvama rata. S nekolicinom suradnika osmislio je krovni projekt \u00bbVictims Voice, Voice for the Victims\u00ab (\u00bbGlas \u017ertve, glas za \u017ertve\u00ab; 13 potprojekata), koji se bavi problemima utvr\u0111ivanja, predstavljanja i zastupanja interesa i prava \u017ertava rata te je predstavljen na mnogim skupovima i me\u0111unarodnim konferencijama (EU Parlament u Strasbourgu 1992, K\u00f6nigsteinu, Amsterdamu i Hagu 1994). Dva potprojekta dobila su 1995\u201396. financijsku potporu \u00bbPhare\u00ab programa EU te su realizirana u \u0161est dr\u017eava Europe. Tako\u0111er sudjeluje u mnogim humanitarnim akcijama (\u00bbBijeli put\u00ab, \u00bbPre\u017eivjeti zimu\u00ab). God. 1994 u samostalnoj produkciji zapo\u010deo je snimati dokumentarni film o Bosni Srebrenoj (nedovr\u0161en) te sura\u0111ivao s Mandy Jacobson na dokumentarnom filmu o stradanju \u017eena u BIH <span class=\"Italic\">Calling the Ghosts,<\/span> nagra\u0111en nagradom \u00bbEmy\u00ab 1995, kad je radio i kao izvr\u0161ni producent za Rai Uno. Bavi se problematikom me\u0111unarodnog polo\u017eaja Hrvatske nakon dr\u017eavnoga osamostaljenja, amerikanistikom, ljudskim pravima, medijima, filozofijom povijesti te op\u0107enito temama vezanima uz suvremenu povijest.<\/p>\n<p class=\"Literatura\"><span class=\"SMALL-CAPS\">DJELA:<\/span> <span class=\"Italic\">Amerika, zemlja nemogu\u0107ih mogu\u0107nosti. Percepcija Amerike u Hrvatskoj, ameri\u010dki na\u010din \u017eivota u zagreba\u010dkom dnevnom listu Obzor 1929.\u20131933. godine<\/span>. Zagreb 2003. \u2013 <span class=\"Italic\">Stvaranje hrvatske dr\u017eave i Domovinski rat <\/span>(suautori Z. Radeli\u0107, N. Bari\u0107, D. Marijan i D. \u017divi\u0107). Zagreb 2006. \u2013 <span class=\"Italic\">Hrvatska i ljudska prava 1990.\u20131992.<\/span> Zagreb 2008.<\/p>\n<p class=\"Literatura\"><span class=\"SMALL-CAPS\">LIT.:<\/span> <a href=\"\">http:\/\/www.isp.hr\/index.php?Itemid=38&#038;id=85&#038;op tion=com_content&#038;task=view<\/a>, pristupljeno 4. I. 2012.<\/p>\n","protected":false},"excerpt":{"rendered":"<p>BING, Albert (Berti), povjesni\u010dar (Novi Sad, Srbija, 6. XII. 1956). Sin Ota i Ane ro\u0111. Amon. Diplomirao povijest i filozofiju 1985. na Filozofskom fakultetu u Zagrebu, gdje je magistrirao 1999. tezom Ameri\u010dki na\u010din \u017eivota u zagreba\u010dkom dnevnom listu Obzor 1929.\u20131933. i doktorirao 2005. tezom Hrvatsko-ameri\u010dki odnosi 1991.\u20131995. Od 2001. zaposlen je u Hrvatskom institutu za &hellip; <a href=\"https:\/\/zbl.lzmk.hr\/?p=2136\" class=\"more-link\">Nastavi \u010ditati<span class=\"screen-reader-text\"> &#8220;BING, Albert (Berti)&#8221;<\/span><\/a><\/p>\n","protected":false},"author":2,"featured_media":0,"comment_status":"closed","ping_status":"open","sticky":false,"template":"","format":"standard","meta":{"footnotes":""},"categories":[2],"tags":[],"class_list":["post-2136","post","type-post","status-publish","format-standard","hentry","category-2"],"_links":{"self":[{"href":"https:\/\/zbl.lzmk.hr\/index.php?rest_route=\/wp\/v2\/posts\/2136"}],"collection":[{"href":"https:\/\/zbl.lzmk.hr\/index.php?rest_route=\/wp\/v2\/posts"}],"about":[{"href":"https:\/\/zbl.lzmk.hr\/index.php?rest_route=\/wp\/v2\/types\/post"}],"author":[{"embeddable":true,"href":"https:\/\/zbl.lzmk.hr\/index.php?rest_route=\/wp\/v2\/users\/2"}],"replies":[{"embeddable":true,"href":"https:\/\/zbl.lzmk.hr\/index.php?rest_route=%2Fwp%2Fv2%2Fcomments&post=2136"}],"version-history":[{"count":0,"href":"https:\/\/zbl.lzmk.hr\/index.php?rest_route=\/wp\/v2\/posts\/2136\/revisions"}],"wp:attachment":[{"href":"https:\/\/zbl.lzmk.hr\/index.php?rest_route=%2Fwp%2Fv2%2Fmedia&parent=2136"}],"wp:term":[{"taxonomy":"category","embeddable":true,"href":"https:\/\/zbl.lzmk.hr\/index.php?rest_route=%2Fwp%2Fv2%2Fcategories&post=2136"},{"taxonomy":"post_tag","embeddable":true,"href":"https:\/\/zbl.lzmk.hr\/index.php?rest_route=%2Fwp%2Fv2%2Ftags&post=2136"}],"curies":[{"name":"wp","href":"https:\/\/api.w.org\/{rel}","templated":true}]}}