{"id":1892,"date":"2016-10-14T22:00:00","date_gmt":"2016-10-14T22:00:00","guid":{"rendered":""},"modified":"2018-11-26T10:30:48","modified_gmt":"2018-11-26T09:30:48","slug":"bernfest-viktor-samuel","status":"publish","type":"post","link":"https:\/\/zbl.lzmk.hr\/?p=1892","title":{"rendered":"BERNFEST, Viktor (Samuel)"},"content":{"rendered":"<p class=\"Normal\"><span class=\"Bold\">BERNFEST, Viktor (Samuel), <\/span>kipar i medaljer (Gar\u010din kraj Slavonskoga Broda, 14. VIII. 1894 \u2013 Zagreb, 23. VIII. 1978). Sin Hermana i Nette ro\u0111. Bauer, unuk \u2192 Jakoba Bauera. Zavr\u0161io je gimnaziju u Osijeku 1913. i zapo\u010deo studij prava u Zagrebu, no uskoro je bio mobiliziran u austroug. vojsku, potom zarobljen pa je I. svj. rat proveo u rus. zarobljeni\u0161tvu. Kiparstvo je zapo\u010deo studirati 1918. na Vi\u0161oj \u0161koli za umjetnost i umjetni obrt u Zagrebu, a nastavio 1919. na Akademiji primijenjenih umjetnosti u Pragu te u specijalnoj medaljerskoj \u0161koli Otokara \u0160paniela, gdje je 1923. diplomirao. Isprva bio u\u010ditelj crtanja u gimnaziji u Subotici i Petrinji (1926\u201328), a potom samostalan kipar. Iako je nakon osnutka NDH bio za\u0161ti\u0107en zbog braka s \u00bbarijevkom\u00ab, u svibnju 1942. bio je uhi\u0107en zbog ilegalna rada te deportiran u logor u Staroj Gradi\u0161ki, odakle je pu\u0161ten u prosincu 1942, kao jedan od rijetkih \u017didova kojemu je to uspjelo. Bio je pu\u0161ten jer je, osim \u0161to su stizale mnogobrojne molbe za njegovo oslobo\u0111enje, njegov \u0161urjak, zagreba\u010dki oftalmolog Vilko Panac, \u00bboperirao jednu usta\u0161ku li\u010dnost\u00ab \u2013 prema usmenoj predaji Bernfestova sina \u2192 Stjepana bila je to operacija o\u010dne mrene ocu ili majci Paveli\u0107eve supruge. Umjesto nov\u010dane naknade Panac je zauzvrat tra\u017eio Bernfestovo oslobo\u0111enje iz logora. Nakon 1945. obavljao je razli\u010dite politi\u010dke du\u017enosti u Petrinji i Sisku (kra\u0107e vrijeme bio petrinjski gradona\u010delnik, predsj. petrinjskoga NK \u00bbArtur Turkulin\u00ab 1946). Od 1952. do umirovljenja 1965. bio je direktor poduze\u0107a za proizvodnju plasti\u010dnih u\u010dila \u00bbMula\u017ea\u00ab u Zagrebu. Njegov opus \u010dine uglavnom djela intimnijega karaktera, skulpture komornih dimenzija (<span class=\"Italic\">Leda s labudom,<\/span> 1918; <span class=\"Italic\">Majka i dijete,<\/span> 1923; <span class=\"Italic\">Glava djevoj\u010dice, <\/span>1939) i portretne plakete (Dr. Franje Dursta, 1935, u Klinici za \u017eenske bolesti i porode u Petrovoj ul.; Dr. Julija Budisavljevi\u0107a, postavljena 1962. u Klinici za traumatologiju u Dra\u0161kovi\u0107evoj ul.; obje u Zagrebu), uglavnom u profilu, ali i poprsja. Rje\u0111e je radio u drvu, a neki su aktovi izvedeni u patiniranoj sadri. Autor je grobnih plaketa i reljefa na Mirogoju (<span class=\"Italic\">Pobjeda vje\u010dne ljubavi nad prolaznom mr\u017enjom, <\/span>1924, na grobu Franje pl. Markovi\u0107a; <span class=\"Italic\">Oplakivanje, <\/span>1925, na grobnici Gavrilovi\u0107; <span class=\"Italic\">Uskrsnu\u0107e,<\/span> 1930, za grobnicu Alfreda Dani\u010di\u0107a; <span class=\"Italic\">Isus Krist, <\/span>1927, u mirogojskoj kapeli Krista Kralja) te memorijalnih plaketa (<span class=\"Italic\">Marija Ru\u017ei\u0107 Strozzi, <\/span>1930) i medalja (<span class=\"Italic\">Dr. Vilko Panac,<\/span> 1930; <span class=\"Italic\">Ispitani \u010duvar lova <\/span>i <span class=\"Italic\">Ispitani lovac,<\/span> 1937; <span class=\"Italic\">Ramiro Marcone <\/span>i <span class=\"Italic\">Giuseppe Masucci,<\/span> 1943). God. 1930. izradio je Ex libris vinjetu, koju je izdalo Zemaljsko povjereni\u0161tvo Keren Kajemeta za Jugoslaviju, a prikazuje \u017eid. radnika s djetetom u berbi naran\u010di. Poslije se vra\u0107a velikoj formi spomen-reljefom<span class=\"Italic\"> Prvoj partizanskoj gimnaziji<\/span> (Rujevac 1954) i bron\u010danim reljefom u vestibulu bolnice u Po\u017eegi (1954). Izradio je i spomen-poprsja antifa\u0161isti\u010dkih boraca Filipa Kljaji\u0107a-Fi\u0107e i Artura Turkulina (1971) u petrinjskom parku (iz kojeg su nestale tijekom Domovinskoga rata) te kompoziciju <span class=\"Italic\">Majka Banije<\/span> (javlja se i pod nazivom <span class=\"Italic\">Sje\u0107anje na logor<\/span>). Poseban interes pokazao je za \u017eensku figuru i studiju pokreta u \u017eenskom aktu <span class=\"Italic\">(Dopadanje, I\u0161\u010dekivanje, Kod \u010de\u0161ljanja, Plesa\u010dica, Kupa\u010dica).<\/span> Sudjelovao na natje\u010daju za projekt kovanog novca Kraljevine Jugoslavije, koji nije ostvaren (prva i dvije druge nagrade). Izlagao je u Zagrebu (1924. s tada\u0161njom suprugom Milom Wod i 1930) i Osijeku (1935), posmrtna je izlo\u017eba bila u Slavonskom Brodu (2008), a skupno na izlo\u017ebi Proljetnog salona (Zagreb 1922), izlo\u017ebama ULUH (od 1940) te mnogim drugim izlo\u017ebama od 1946. do 1973. Posmrtno su mu bili izlo\u017eeni radovi na Prvom memorijalu Ive Kerdi\u0107a u Osijeku (1980) i Zagrebu (1981) te na izlo\u017ebama San i krik (Zagreb 2000), Nepoznato u poznatom, iz medaljerstva prve polovine XX. st. (Zagreb 2007). Osobitu pozornost njegovim izlo\u017ebenim nastupima do 1941. obratila su tada\u0161nja \u017eid. glasila (<span class=\"Italic\">Hanoar, <\/span>1930;<span class=\"Italic\"> \u017didov, <\/span>1930).<\/p>\n<p class=\"Literatura\"><span class=\"SMALL-CAPS\">IZV.:<\/span> HDA, UNS, kut. 1, 1\u20133\u20132\u20131, Ured 1, Za\u0161titno redarstvo, Odjel javne sigurnosti, Odsjek IIb, 34340\/42.<\/p>\n<p class=\"Literatura\"><span class=\"SMALL-CAPS\">LIT.:<\/span> L. Bocari\u0107: <span class=\"Italic\">Bernfest, Viktor<\/span>. Enciklopedija Jugoslavije, 1. Zagreb 1955. \u2013 Z. \u0160enoa: <span class=\"Italic\">Bernfest, Viktor<\/span>. Hrvatski biografski leksikon, 1. Zagreb 1983. \u2013 <span class=\"Italic\">Bernfest, Viktor<\/span>. Likovna enciklopedija Jugoslavije, 1. Zagreb 1984. \u2013 <span class=\"Italic\">Bernfest, Viktor<\/span>. Enciklopedija hrvatske umjetnosti, 1. Zagreb 1995. \u2013 <span class=\"Italic\">Bernfest, Viktor<\/span>. Hrvatski leksikon, 1. Zagreb 1996. \u2013 I. Golec: <span class=\"Italic\">Bernfest, Viktor<\/span>. Petrinjski biografski leksikon. Petrinja 1999. \u2013 <span class=\"Italic\">Gimnazije u Osijeku. Ravnatelji, profesori i maturanti 1729\u20132000<\/span>. Zagreb\u2013Osijek 2001. \u2013 B. Vrga: <span class=\"Italic\">Kipar Viktor Samuel Bernfest<\/span>. Novi Omanut, 9(2001) 46. \u2013 S. Uzelac Schwendemann: <span class=\"Italic\">Glavni gradski trg u Slavonskom Brodu<\/span>. Zagreb\u2013Slavonski Brod 2005.\u00a0\u2013 Isti:\u00a0<em>\u017didovski Brod<\/em><em>\/kulturno-povijesne krhotine<\/em>, Slavonski Brod 2011.<\/p>\n","protected":false},"excerpt":{"rendered":"<p>BERNFEST, Viktor (Samuel), kipar i medaljer (Gar\u010din kraj Slavonskoga Broda, 14. VIII. 1894 \u2013 Zagreb, 23. VIII. 1978). Sin Hermana i Nette ro\u0111. Bauer, unuk \u2192 Jakoba Bauera. Zavr\u0161io je gimnaziju u Osijeku 1913. i zapo\u010deo studij prava u Zagrebu, no uskoro je bio mobiliziran u austroug. vojsku, potom zarobljen pa je I. svj. rat &hellip; <a href=\"https:\/\/zbl.lzmk.hr\/?p=1892\" class=\"more-link\">Nastavi \u010ditati<span class=\"screen-reader-text\"> &#8220;BERNFEST, Viktor (Samuel)&#8221;<\/span><\/a><\/p>\n","protected":false},"author":2,"featured_media":0,"comment_status":"closed","ping_status":"open","sticky":false,"template":"","format":"standard","meta":{"footnotes":""},"categories":[2],"tags":[],"class_list":["post-1892","post","type-post","status-publish","format-standard","hentry","category-2"],"_links":{"self":[{"href":"https:\/\/zbl.lzmk.hr\/index.php?rest_route=\/wp\/v2\/posts\/1892"}],"collection":[{"href":"https:\/\/zbl.lzmk.hr\/index.php?rest_route=\/wp\/v2\/posts"}],"about":[{"href":"https:\/\/zbl.lzmk.hr\/index.php?rest_route=\/wp\/v2\/types\/post"}],"author":[{"embeddable":true,"href":"https:\/\/zbl.lzmk.hr\/index.php?rest_route=\/wp\/v2\/users\/2"}],"replies":[{"embeddable":true,"href":"https:\/\/zbl.lzmk.hr\/index.php?rest_route=%2Fwp%2Fv2%2Fcomments&post=1892"}],"version-history":[{"count":1,"href":"https:\/\/zbl.lzmk.hr\/index.php?rest_route=\/wp\/v2\/posts\/1892\/revisions"}],"predecessor-version":[{"id":3743,"href":"https:\/\/zbl.lzmk.hr\/index.php?rest_route=\/wp\/v2\/posts\/1892\/revisions\/3743"}],"wp:attachment":[{"href":"https:\/\/zbl.lzmk.hr\/index.php?rest_route=%2Fwp%2Fv2%2Fmedia&parent=1892"}],"wp:term":[{"taxonomy":"category","embeddable":true,"href":"https:\/\/zbl.lzmk.hr\/index.php?rest_route=%2Fwp%2Fv2%2Fcategories&post=1892"},{"taxonomy":"post_tag","embeddable":true,"href":"https:\/\/zbl.lzmk.hr\/index.php?rest_route=%2Fwp%2Fv2%2Ftags&post=1892"}],"curies":[{"name":"wp","href":"https:\/\/api.w.org\/{rel}","templated":true}]}}