{"id":1869,"date":"2016-10-14T22:00:00","date_gmt":"2016-10-14T22:00:00","guid":{"rendered":""},"modified":"2016-10-14T22:00:00","modified_gmt":"2016-10-14T22:00:00","slug":"","status":"publish","type":"post","link":"https:\/\/zbl.lzmk.hr\/?p=1869","title":{"rendered":"BERNFEST, Miljenko"},"content":{"rendered":"<p class=\"Normal\"><span class=\"Bold\">BERNFEST, Miljenko, <\/span>arhitekt (Zagreb, 16. II. 1956). Sin \u2192 Stjepana i Jagode ro\u0111. Mujdrica, unuk \u2192 Viktorov. Zavr\u0161io je VII. gimnaziju (1974) u Zagrebu, gdje je diplomirao na Arhitektonskom fakultetu (1980) u klasi Miroslava Begovi\u0107a. Radio je kao tehni\u010dki i grafi\u010dki urednik pri Savezu arhitekata Hrvatske (1986\u221290), direktor i projektant \u00bbMTM Elipsa\u00ab d. o. o. u Zagrebu (1991\u221293), projektant u projektnom birou  \u00bbAndrews\u2212Scott\u2212Cotton  Architects\u00ab (1994\u221296) i \u00bbASA \u2212 Crone  Architects\u00ab  (1996\u221297) u Aucklandu, \u00bbMatrix \u2013 D \u2013 In\u017eenjering\u00ab d. o. o. (1997\u221299) i \u00bbAPZ  In\u017eenjering\u00ab (1999\u22122001) u Zagrebu, pri kojem je bio koordinator na izgradnji Istra\u017eiva\u010dkoga instituta \u00bbPliva\u00ab. Od 2002. vodi \u00bbBXL Studio\u00ab s Lovorkom Prpi\u0107, a od 2009. samostalni projektantski ured. \u010clan je Udru\u017eenja hrvatskih arhitekata (od 1984), Dru\u0161tva arhitekata grada Zagreba (od 1984), Hrvatske komore arhitekata i in\u017eenjera u gra\u0111evinarstvu (od 1999), Zajednice samostalnih umjetnika Hrvatske (od 2005). Prvi je potpredsjednik i voditelj savjeta Izdava\u010dkoga savjeta Udru\u017eenja hrvatskih arhitekata (2005\u201307). Me\u0111u va\u017enije arhitektonske realizacije ubrajaju se Vila Fehrling u uvali Garma na Kor\u010duli (2012), Vila D. u Petr\u010danima kraj Zadra (2011), Centar za socijalnu skrb u Sisku (s L. Prpi\u0107, 2006), knji\u017eara AGM u Zagrebu (s L. Prpi\u0107, 2005), Vila Ribica na Zlarinu (s L. Prpi\u0107, 2004), salon La Coulisse i Sandwich bar Manhattan u Zagrebu (s L. Prpi\u0107, 2001), hala za korozijsku za\u0161titu brodogradili\u0161ta \u00bb3. maj\u00ab u Rijeci (2001), poslovno-stambeni kompleks \u00bbJadroinvesting\u00ab u Zadru (s M. Dragomanovi\u0107 i B. Rac, 1998), benzinske postaje \u00bbCaltex\u00ab  na Novom Zelandu (1997) i dr.  Sudjelovao je na vi\u0161e samostalnih (Nagra\u0111ena hrvatska arhitektura 1961\u20131989, Osijek\u2013Zadar\u2013Split\u2013Beli Manastir 2014; Nagra\u0111ena hrvatska arhitektura 1990\u20132009, Zadar\u2013Split\u2013Banja Luka\u2013\u0160ibenik\u2013Zagreb 2014) i grupnih izlo\u017ebi (Continuity of modernity, Pe\u010duh 2010; Me\u0111unarodna izlo\u017eba za nagradu Piranesi 2008, Piran 2008; Suvremena hrvatska arhitektura VII, Beograd 2008; 41. zagreba\u010dki salon, Zagreb 2006. i dr.). Nominiran je za vi\u0161e strukovnih nagrada. Uz arhitekturu aktivno se bavi i arhitektonskom fotografijom. Potpredsjednik je <span class=\"Italic\">Bnei Brit<\/span> lo\u017ee \u00bbGavro Schwarz\u00ab u Zagrebu.<\/p>\n<p class=\"Normal\"><span class=\"SMALL-CAPS\">IZV.: <\/span>Osobni podaci ulaznika. <\/p>\n","protected":false},"excerpt":{"rendered":"<p>BERNFEST, Miljenko, arhitekt (Zagreb, 16. II. 1956). Sin \u2192 Stjepana i Jagode ro\u0111. Mujdrica, unuk \u2192 Viktorov. Zavr\u0161io je VII. gimnaziju (1974) u Zagrebu, gdje je diplomirao na Arhitektonskom fakultetu (1980) u klasi Miroslava Begovi\u0107a. Radio je kao tehni\u010dki i grafi\u010dki urednik pri Savezu arhitekata Hrvatske (1986\u221290), direktor i projektant \u00bbMTM Elipsa\u00ab d. o. o. &hellip; <a href=\"https:\/\/zbl.lzmk.hr\/?p=1869\" class=\"more-link\">Nastavi \u010ditati<span class=\"screen-reader-text\"> &#8220;BERNFEST, Miljenko&#8221;<\/span><\/a><\/p>\n","protected":false},"author":2,"featured_media":0,"comment_status":"closed","ping_status":"open","sticky":false,"template":"","format":"standard","meta":{"footnotes":""},"categories":[2],"tags":[],"class_list":["post-1869","post","type-post","status-publish","format-standard","hentry","category-2"],"_links":{"self":[{"href":"https:\/\/zbl.lzmk.hr\/index.php?rest_route=\/wp\/v2\/posts\/1869"}],"collection":[{"href":"https:\/\/zbl.lzmk.hr\/index.php?rest_route=\/wp\/v2\/posts"}],"about":[{"href":"https:\/\/zbl.lzmk.hr\/index.php?rest_route=\/wp\/v2\/types\/post"}],"author":[{"embeddable":true,"href":"https:\/\/zbl.lzmk.hr\/index.php?rest_route=\/wp\/v2\/users\/2"}],"replies":[{"embeddable":true,"href":"https:\/\/zbl.lzmk.hr\/index.php?rest_route=%2Fwp%2Fv2%2Fcomments&post=1869"}],"version-history":[{"count":0,"href":"https:\/\/zbl.lzmk.hr\/index.php?rest_route=\/wp\/v2\/posts\/1869\/revisions"}],"wp:attachment":[{"href":"https:\/\/zbl.lzmk.hr\/index.php?rest_route=%2Fwp%2Fv2%2Fmedia&parent=1869"}],"wp:term":[{"taxonomy":"category","embeddable":true,"href":"https:\/\/zbl.lzmk.hr\/index.php?rest_route=%2Fwp%2Fv2%2Fcategories&post=1869"},{"taxonomy":"post_tag","embeddable":true,"href":"https:\/\/zbl.lzmk.hr\/index.php?rest_route=%2Fwp%2Fv2%2Ftags&post=1869"}],"curies":[{"name":"wp","href":"https:\/\/api.w.org\/{rel}","templated":true}]}}