{"id":1858,"date":"2016-10-14T22:00:00","date_gmt":"2016-10-14T22:00:00","guid":{"rendered":""},"modified":"2016-10-14T22:00:00","modified_gmt":"2016-10-14T22:00:00","slug":"","status":"publish","type":"post","link":"https:\/\/zbl.lzmk.hr\/?p=1858","title":{"rendered":"BERNER, Josip"},"content":{"rendered":"<p class=\"Normal\"><span class=\"Bold\">BERNER, Josip, <\/span>fotograf (Jaros\u0142aw, Poljska, 1888 \u2013 logor Jasenovac, 1941). Sin Moritzov. U braku s Annom (Anka) ro\u0111. Frei, imao je sina Medarda (Darija). Nastaniv\u0161i se 1911. u Dubrovniku, otvorio je atelijer i prodavaonicu fotografskoga pribora u Gru\u017eu, a potom na Pilama i Stradunu. Bio za\u010detnik fotoreporta\u017ee, koje je objavljivao u \u010dasopisima <span class=\"Italic\">Svijet<\/span> i <span class=\"Italic\">Kulisa <\/span>(1928\u201333). Skupno je izlagao na I. jugoslavenskoj izlo\u017ebi fotografa u Splitu 1926, kad je nagra\u0111en po\u010dasnom diplomom sa zlatnom kolajnom. Od 1931. imao je fotografske ogranke u Hvaru, Kor\u010duli, Lapadu, Plo\u010dama, Kuparima i Srebrenu. Snimao je vedute grada i prodavao razglednice, te bilje\u017eio gradska doga\u0111anja i njegove stanovnike. Bio je i \u010dlan planinarskoga dru\u0161tva \u00bbOrijen\u00ab. Po uspostavi NDH uhi\u0107en je i odveden u jasenova\u010dki logor, gdje je stradao. Supruga i sin Medard internirani su s ostalim dubrova\u010dkim \u017didovima u logor Kampor na Rabu. Medard se priklju\u010dio partizanima te se poslije spominje kao \u010dlan Fotosekcije 4. armije u \u010dinu potporu\u010dnika. S majkom se 1948. iselio u Izrael.<\/p>\n<p class=\"Literatura\"><span class=\"SMALL-CAPS\">LIT.:<\/span> B. Stulli: <span class=\"Italic\">\u017didovi u Dubrovniku<\/span>. Zagreb 1989. \u2013 V. Deli\u0107: Fotografija u Dubrovniku. U: <span class=\"Italic\">Fotografija u Hrvatskoj 1848\u20131951<\/span> (katalog izlo\u017ebe). Zagreb 1994. \u2013 M. Tonkovi\u0107: <span class=\"Italic\">Dubrova\u010dki svjetlopis. Fotografija u Dubrovniku 1848\u20132001 <\/span>(katalog izlo\u017ebe). Dubrovnik 2001. \u2013 M. \u0160vob: <span class=\"Italic\">\u017didovi u Hrvatskoj, <\/span>2. Zagreb 2004. \u2013 M. Tonkovi\u0107: <span class=\"Italic\">\u017didovi fotografi <\/span>(katalog izlo\u017ebe). Zagreb 2004. \u2013 V. Deli\u0107 Gozze: <span class=\"Italic\">Josip Berner i Dubrovnik <\/span>(katalog izlo\u017ebe). Dubrovnik 2005.<\/p>\n","protected":false},"excerpt":{"rendered":"<p>BERNER, Josip, fotograf (Jaros\u0142aw, Poljska, 1888 \u2013 logor Jasenovac, 1941). Sin Moritzov. U braku s Annom (Anka) ro\u0111. Frei, imao je sina Medarda (Darija). Nastaniv\u0161i se 1911. u Dubrovniku, otvorio je atelijer i prodavaonicu fotografskoga pribora u Gru\u017eu, a potom na Pilama i Stradunu. Bio za\u010detnik fotoreporta\u017ee, koje je objavljivao u \u010dasopisima Svijet i Kulisa &hellip; <a href=\"https:\/\/zbl.lzmk.hr\/?p=1858\" class=\"more-link\">Nastavi \u010ditati<span class=\"screen-reader-text\"> &#8220;BERNER, Josip&#8221;<\/span><\/a><\/p>\n","protected":false},"author":2,"featured_media":0,"comment_status":"closed","ping_status":"open","sticky":false,"template":"","format":"standard","meta":{"footnotes":""},"categories":[2],"tags":[],"class_list":["post-1858","post","type-post","status-publish","format-standard","hentry","category-2"],"_links":{"self":[{"href":"https:\/\/zbl.lzmk.hr\/index.php?rest_route=\/wp\/v2\/posts\/1858"}],"collection":[{"href":"https:\/\/zbl.lzmk.hr\/index.php?rest_route=\/wp\/v2\/posts"}],"about":[{"href":"https:\/\/zbl.lzmk.hr\/index.php?rest_route=\/wp\/v2\/types\/post"}],"author":[{"embeddable":true,"href":"https:\/\/zbl.lzmk.hr\/index.php?rest_route=\/wp\/v2\/users\/2"}],"replies":[{"embeddable":true,"href":"https:\/\/zbl.lzmk.hr\/index.php?rest_route=%2Fwp%2Fv2%2Fcomments&post=1858"}],"version-history":[{"count":0,"href":"https:\/\/zbl.lzmk.hr\/index.php?rest_route=\/wp\/v2\/posts\/1858\/revisions"}],"wp:attachment":[{"href":"https:\/\/zbl.lzmk.hr\/index.php?rest_route=%2Fwp%2Fv2%2Fmedia&parent=1858"}],"wp:term":[{"taxonomy":"category","embeddable":true,"href":"https:\/\/zbl.lzmk.hr\/index.php?rest_route=%2Fwp%2Fv2%2Fcategories&post=1858"},{"taxonomy":"post_tag","embeddable":true,"href":"https:\/\/zbl.lzmk.hr\/index.php?rest_route=%2Fwp%2Fv2%2Ftags&post=1858"}],"curies":[{"name":"wp","href":"https:\/\/api.w.org\/{rel}","templated":true}]}}