{"id":1769,"date":"2016-10-14T22:00:00","date_gmt":"2016-10-14T22:00:00","guid":{"rendered":""},"modified":"2016-10-14T22:00:00","modified_gmt":"2016-10-14T22:00:00","slug":"","status":"publish","type":"post","link":"https:\/\/zbl.lzmk.hr\/?p=1769","title":{"rendered":"BERGMAN, Alfred"},"content":{"rendered":"<p class=\"Normal\"><span class=\"Bold\">BERGMAN, Alfred, <\/span>pravnik (Visoko, BiH, 28. XI. 1901 \u2013 Zagreb, 9. VII. 1941). Sin Jozefa i Ernestine ro\u0111. Gelber. Za studija u Be\u010du (1919\u201324) postao je \u010dlan KPJ i od 1925. organizirao tiskanje i raspa\u010davanje ilegalne komunisti\u010dke literature. Za \u0161estosije\u010danjske diktature uhi\u0107en je u Mostaru i osu\u0111en u Zagrebu na tri godine robije u Srijemskoj Mitrovici. God. 1934. iselio se u Be\u010d, gdje je bilo sjedi\u0161te CK KPJ i postao rukovoditelj sredi\u0161nje partijske tehnike. Idu\u0107e god. poha\u0111ao je Me\u0111unarodnu lenjinsku \u0161kolu u Moskvi, a 1936\u201337. u Pragu, Be\u010du i Parizu kao izaslanik Odjeljenja za me\u0111unarodne veze Kominterne organizirao je nabavu oru\u017eja i slanje dragovoljaca u \u0160panjolsku. God. 1937\u201339. i sam je bio dragovoljac u \u0160panjolskoj u sastavu Internacionalnih brigada. Po povratku u Zagreb 1940, ubrzo je uhi\u0107en. Za uspostave NDH bio je u zagreba\u010dkom zatvoru u Savskoj cesti, gdje je, njega i ostale zato\u010denike, dotada\u0161nja policija Banovine Hrvatske predala novim usta\u0161kim vlastima. Interniran je u Kerestinec, odakle je 5. VII. 1941. preba\u010den u sabirni logor u Gospi\u0107u i odmah zatim vra\u0107en u Zagreb. Strijeljan je na Dotr\u0161\u010dini, na ist. rubu \u0161ume Maksimir, u poznatoj grupi od prvih deset talaca, istaknutih javnih radnika i komunista. Sestra Berta, lije\u010dnica (Bla\u017euj, BiH, 1894 \u2013 logor Jasenovac, 1945) stradala je u logoru Jasenovac.<\/p>\n<p class=\"Literatura\"><span class=\"SMALL-CAPS\">LIT.:<\/span><span class=\"Italic\"> <\/span>I. \u0160ibl: <span class=\"Italic\">Zagreb tisu\u0107u devetsto \u010detrdeset prve. <\/span>Zagreb 1967. \u2013 J. Romano: <span class=\"Italic\">Jevreji Jugoslavije 1941\u20131945. \u017drtve genocida i u\u010desnici narodnooslobodila\u010dkog rata<\/span>. Beograd 1980. \u2013 J. Broz Tito: <span class=\"Italic\">Sabrana djela,<\/span> 2\u20134. Zagreb 1983. \u2013 I. Jeli\u0107: <span class=\"Italic\">Tragedija u Kerestincu. <\/span>Zagreb 1986. \u2013 V. Raj\u010devi\u0107: Revolucionarni studenti Zagreba\u010dkog sveu\u010dili\u0161ta u \u0160panjolskoj 1936\u20131939. U: <span class=\"Italic\">\u0160panjolska 1936\u20131939<\/span>. Zagreb 1987. \u2013 Z. Komarica: <span class=\"Italic\">Kerestine\u010dka kronika. <\/span>Zagreb 1989. \u2013 N. Lengel-Krizman: <span class=\"Italic\">\u017didovski zato\u010denici logora Kerestinec. <\/span>Novi Omanut, 9(2001) 47\/48. \u2013 I. i S. Goldstein: <span class=\"Italic\">Holokaust u Zagrebu<\/span>. Zagreb 2001.<\/p>\n","protected":false},"excerpt":{"rendered":"<p>BERGMAN, Alfred, pravnik (Visoko, BiH, 28. XI. 1901 \u2013 Zagreb, 9. VII. 1941). Sin Jozefa i Ernestine ro\u0111. Gelber. Za studija u Be\u010du (1919\u201324) postao je \u010dlan KPJ i od 1925. organizirao tiskanje i raspa\u010davanje ilegalne komunisti\u010dke literature. Za \u0161estosije\u010danjske diktature uhi\u0107en je u Mostaru i osu\u0111en u Zagrebu na tri godine robije u Srijemskoj &hellip; <a href=\"https:\/\/zbl.lzmk.hr\/?p=1769\" class=\"more-link\">Nastavi \u010ditati<span class=\"screen-reader-text\"> &#8220;BERGMAN, Alfred&#8221;<\/span><\/a><\/p>\n","protected":false},"author":2,"featured_media":0,"comment_status":"closed","ping_status":"open","sticky":false,"template":"","format":"standard","meta":{"footnotes":""},"categories":[2],"tags":[],"class_list":["post-1769","post","type-post","status-publish","format-standard","hentry","category-2"],"_links":{"self":[{"href":"https:\/\/zbl.lzmk.hr\/index.php?rest_route=\/wp\/v2\/posts\/1769"}],"collection":[{"href":"https:\/\/zbl.lzmk.hr\/index.php?rest_route=\/wp\/v2\/posts"}],"about":[{"href":"https:\/\/zbl.lzmk.hr\/index.php?rest_route=\/wp\/v2\/types\/post"}],"author":[{"embeddable":true,"href":"https:\/\/zbl.lzmk.hr\/index.php?rest_route=\/wp\/v2\/users\/2"}],"replies":[{"embeddable":true,"href":"https:\/\/zbl.lzmk.hr\/index.php?rest_route=%2Fwp%2Fv2%2Fcomments&post=1769"}],"version-history":[{"count":0,"href":"https:\/\/zbl.lzmk.hr\/index.php?rest_route=\/wp\/v2\/posts\/1769\/revisions"}],"wp:attachment":[{"href":"https:\/\/zbl.lzmk.hr\/index.php?rest_route=%2Fwp%2Fv2%2Fmedia&parent=1769"}],"wp:term":[{"taxonomy":"category","embeddable":true,"href":"https:\/\/zbl.lzmk.hr\/index.php?rest_route=%2Fwp%2Fv2%2Fcategories&post=1769"},{"taxonomy":"post_tag","embeddable":true,"href":"https:\/\/zbl.lzmk.hr\/index.php?rest_route=%2Fwp%2Fv2%2Ftags&post=1769"}],"curies":[{"name":"wp","href":"https:\/\/api.w.org\/{rel}","templated":true}]}}