{"id":1703,"date":"2016-10-14T22:00:00","date_gmt":"2016-10-14T22:00:00","guid":{"rendered":""},"modified":"2016-10-14T22:00:00","modified_gmt":"2016-10-14T22:00:00","slug":"","status":"publish","type":"post","link":"https:\/\/zbl.lzmk.hr\/?p=1703","title":{"rendered":"BERGER, Teodor"},"content":{"rendered":"<p class=\"Normal\"><span class=\"Bold\">BERGER, Teodor, <\/span>gospodarstvenik (Vara\u017edin, 12. XI. 1893 \u2013 Vara\u017edin, 2. I. 1945). Sin Maksa i Sare ro\u0111. Raabstern. Bio je suvlasnik Tvornice octa i \u017eeste \u00bbA. Herman\u00ab te Tvornice leda i hladionice \u00bbHerman i Berger\u00ab u Vara\u017edinu, \u010dlan utemeljitelj vara\u017edinskoga DVD od 1924. U studenom 1938. pre\u0161ao je na katoli\u010danstvo. Zbog pomaganja partizanima, odnosno davanja tzv. crvene pomo\u0107i, uhi\u0107en je 1. I. 1945, a idu\u0107i je dan preminuo od posljedica mu\u010denja u vara\u017edinskoj policijskoj postaji. \u2013 Otac <span class=\"Italic\">Makso,<\/span><span class=\"Bold\"> <\/span>gospodarstvenik i \u017eid. aktivist (Novi Sad, Srbija, ?1851 \u2013 Vara\u017edin, 30. IX. 1904) bio je poslovo\u0111a te vi\u0161e od 20 godina suvlasnik Tvornice octa i \u017eeste \u00bbA. Herman\u00ab, utemeljene 1876. Bio je zaslu\u017eni \u010dlan \u017dO Vara\u017edin, a jedno je vrijeme obna\u0161ao i du\u017enost predsjednika.<\/p>\n<p class=\"Literatura\"><span class=\"SMALL-CAPS\">IZV.:<\/span> Matica umrlih \u017dO Vara\u017edin.<\/p>\n<p class=\"Literatura\"><span class=\"SMALL-CAPS\">LIT.:<\/span> (Nekrolog). Vara\u017edinski vjesnik, 15(1904) 40. \u2013 <span class=\"Italic\">Zbornik Hrvatsko vatrogastvo 1864\u20131994.<\/span> Vara\u017edin 1994. \u2013 M. Lon\u010dari\u0107: <span class=\"Italic\">Tragom \u017eidovske povijesti i kulture u Vara\u017edinu<\/span>. Vara\u017edin 2003.<\/p>\n","protected":false},"excerpt":{"rendered":"<p>BERGER, Teodor, gospodarstvenik (Vara\u017edin, 12. XI. 1893 \u2013 Vara\u017edin, 2. I. 1945). Sin Maksa i Sare ro\u0111. Raabstern. Bio je suvlasnik Tvornice octa i \u017eeste \u00bbA. Herman\u00ab te Tvornice leda i hladionice \u00bbHerman i Berger\u00ab u Vara\u017edinu, \u010dlan utemeljitelj vara\u017edinskoga DVD od 1924. U studenom 1938. pre\u0161ao je na katoli\u010danstvo. Zbog pomaganja partizanima, odnosno davanja &hellip; <a href=\"https:\/\/zbl.lzmk.hr\/?p=1703\" class=\"more-link\">Nastavi \u010ditati<span class=\"screen-reader-text\"> &#8220;BERGER, Teodor&#8221;<\/span><\/a><\/p>\n","protected":false},"author":2,"featured_media":0,"comment_status":"closed","ping_status":"open","sticky":false,"template":"","format":"standard","meta":{"footnotes":""},"categories":[2],"tags":[],"class_list":["post-1703","post","type-post","status-publish","format-standard","hentry","category-2"],"_links":{"self":[{"href":"https:\/\/zbl.lzmk.hr\/index.php?rest_route=\/wp\/v2\/posts\/1703"}],"collection":[{"href":"https:\/\/zbl.lzmk.hr\/index.php?rest_route=\/wp\/v2\/posts"}],"about":[{"href":"https:\/\/zbl.lzmk.hr\/index.php?rest_route=\/wp\/v2\/types\/post"}],"author":[{"embeddable":true,"href":"https:\/\/zbl.lzmk.hr\/index.php?rest_route=\/wp\/v2\/users\/2"}],"replies":[{"embeddable":true,"href":"https:\/\/zbl.lzmk.hr\/index.php?rest_route=%2Fwp%2Fv2%2Fcomments&post=1703"}],"version-history":[{"count":0,"href":"https:\/\/zbl.lzmk.hr\/index.php?rest_route=\/wp\/v2\/posts\/1703\/revisions"}],"wp:attachment":[{"href":"https:\/\/zbl.lzmk.hr\/index.php?rest_route=%2Fwp%2Fv2%2Fmedia&parent=1703"}],"wp:term":[{"taxonomy":"category","embeddable":true,"href":"https:\/\/zbl.lzmk.hr\/index.php?rest_route=%2Fwp%2Fv2%2Fcategories&post=1703"},{"taxonomy":"post_tag","embeddable":true,"href":"https:\/\/zbl.lzmk.hr\/index.php?rest_route=%2Fwp%2Fv2%2Ftags&post=1703"}],"curies":[{"name":"wp","href":"https:\/\/api.w.org\/{rel}","templated":true}]}}