{"id":1614,"date":"2016-10-14T22:00:00","date_gmt":"2016-10-14T22:00:00","guid":{"rendered":""},"modified":"2016-10-14T22:00:00","modified_gmt":"2016-10-14T22:00:00","slug":"","status":"publish","type":"post","link":"https:\/\/zbl.lzmk.hr\/?p=1614","title":{"rendered":"BERGER, Mi\u0161o"},"content":{"rendered":"<p class=\"Normal\"><span class=\"Bold\">BERGER, Mi\u0161o, <\/span>veletrgovac (Kutina, 1. VI. 1886 \u2013 logor Jasenovac, 1943). Sin Karolya i Matilde ro\u0111. H\u00f6nig, brat \u2192 Imbrin. Nakon mature, studirao medicinu u Be\u010du, ali je nakon \u010detiri godine prekinuo studij i s bratom postao partner u trgovini mje\u0161ovitom robom \u00bbImbro i Mi\u0161o Berger\u00ab, protokolirane kod suda u Zagrebu 1919. \u017divio u Kutini do 1939, kad se preselio u Zagreb. Bio je politi\u010dki anga\u017eiran. S trojicom prijatelja sudjelovao je 1918. u skidanju ma\u0111. zastave na Jela\u010di\u0107evu trgu u Zagrebu te bio \u010dlan Hrvatske stranke prava do 1923, kad se zbog njezina antisemitizma povukao. Po uspostavi NDH, sa suprugom Stellom ro\u0111. Moskovi\u0107 (Osijek, 1896) i sinom, preuzeo je \u017eid. znak. Po nalogu UNS od 22. VII. 1942. trebao te no\u0107i biti \u00bbna diskretan na\u010din uhi\u0107en\u00ab i otpremljen u logor, no kako je bio za\u0161ti\u0107en \u00bbdopustnicom\u00ab, uhi\u0107enje je odgo\u0111eno. Po\u010d. kolovoza 1942. uhi\u0107en sa suprugom i \u0161urjakinjom Gretom Berger zbog navodnog slu\u0161anja inozemnih radijskih postaja i \u0161irenja la\u017enih vijesti, osu\u0111en na tri godine zato\u010denja u logoru Jasenovac u koji je odveden 22. VIII. 1942. Supruga je odvedena u logor Stara Gradi\u0161ka, a sin Milivoj (Zagreb, 1920), student Kemijskoga odsjeka Tehni\u010dkoga fakulteta u Zagrebu, ubijen je u ljeto 1941. u Jadovnu prilikom likvidacije zato\u010denih studenata.<\/p>\n<p class=\"Literatura\"><span class=\"SMALL-CAPS\">IZV.:<\/span> HDA, Ponova, Prijava imetka, kut. 661. \u2013 HDA, RUR, \u017didovski odsjek, 29704, 29739. \u2013 Kartoteka Jasenovac. \u2013 K\u017dZ. \u2013 Podaci o ulazniku T. Gr\u00fcner. \u2013 Telefonski imenik 1941.<\/p>\n<p class=\"Literatura\"><span class=\"SMALL-CAPS\">LIT.:<\/span>  T. Gr\u00fcner: <span class=\"Italic\">Sje\u0107anje na Milivoja Bergera<\/span>. Novi Omanut, 7(1999) 34\/35. \u2013 I. i S. Goldstein: <span class=\"Italic\">Holokaust u Zagrebu<\/span>. Zagreb 2001. \u2013 M. \u0160vob: <span class=\"Italic\">\u017didovi u Hrvatskoj, <\/span>2. Zagreb 2004.<\/p>\n","protected":false},"excerpt":{"rendered":"<p>BERGER, Mi\u0161o, veletrgovac (Kutina, 1. VI. 1886 \u2013 logor Jasenovac, 1943). Sin Karolya i Matilde ro\u0111. H\u00f6nig, brat \u2192 Imbrin. Nakon mature, studirao medicinu u Be\u010du, ali je nakon \u010detiri godine prekinuo studij i s bratom postao partner u trgovini mje\u0161ovitom robom \u00bbImbro i Mi\u0161o Berger\u00ab, protokolirane kod suda u Zagrebu 1919. \u017divio u Kutini &hellip; <a href=\"https:\/\/zbl.lzmk.hr\/?p=1614\" class=\"more-link\">Nastavi \u010ditati<span class=\"screen-reader-text\"> &#8220;BERGER, Mi\u0161o&#8221;<\/span><\/a><\/p>\n","protected":false},"author":2,"featured_media":0,"comment_status":"closed","ping_status":"open","sticky":false,"template":"","format":"standard","meta":{"footnotes":""},"categories":[2],"tags":[],"class_list":["post-1614","post","type-post","status-publish","format-standard","hentry","category-2"],"_links":{"self":[{"href":"https:\/\/zbl.lzmk.hr\/index.php?rest_route=\/wp\/v2\/posts\/1614"}],"collection":[{"href":"https:\/\/zbl.lzmk.hr\/index.php?rest_route=\/wp\/v2\/posts"}],"about":[{"href":"https:\/\/zbl.lzmk.hr\/index.php?rest_route=\/wp\/v2\/types\/post"}],"author":[{"embeddable":true,"href":"https:\/\/zbl.lzmk.hr\/index.php?rest_route=\/wp\/v2\/users\/2"}],"replies":[{"embeddable":true,"href":"https:\/\/zbl.lzmk.hr\/index.php?rest_route=%2Fwp%2Fv2%2Fcomments&post=1614"}],"version-history":[{"count":0,"href":"https:\/\/zbl.lzmk.hr\/index.php?rest_route=\/wp\/v2\/posts\/1614\/revisions"}],"wp:attachment":[{"href":"https:\/\/zbl.lzmk.hr\/index.php?rest_route=%2Fwp%2Fv2%2Fmedia&parent=1614"}],"wp:term":[{"taxonomy":"category","embeddable":true,"href":"https:\/\/zbl.lzmk.hr\/index.php?rest_route=%2Fwp%2Fv2%2Fcategories&post=1614"},{"taxonomy":"post_tag","embeddable":true,"href":"https:\/\/zbl.lzmk.hr\/index.php?rest_route=%2Fwp%2Fv2%2Ftags&post=1614"}],"curies":[{"name":"wp","href":"https:\/\/api.w.org\/{rel}","templated":true}]}}