{"id":1581,"date":"2016-10-14T22:00:00","date_gmt":"2016-10-14T22:00:00","guid":{"rendered":""},"modified":"2016-10-14T22:00:00","modified_gmt":"2016-10-14T22:00:00","slug":"","status":"publish","type":"post","link":"https:\/\/zbl.lzmk.hr\/?p=1581","title":{"rendered":"BERGER, Jonas"},"content":{"rendered":"<p class=\"Normal\"><span class=\"Bold\">BERGER, Jonas, <\/span>\u017eid. aktivist i trgovac (Zmajevac, 12. X. 1847 \u2013 Osijek, 7. VIII. 1922). U braku s Herminom ro\u0111. Rosenbaum (Kaposv\u00e1r, Ma\u0111arska, 1861 \u2212 Osijek, 1937) otac sedmoro djece. Zavi\u010dajnost je stekao u Osijeku 1886. Trgovac vinom i rakijom, vlasnik poduze\u0107a \u00bbJ. Berger i sin\u00ab. Krajem XIX. st. bio je \u010dlan predsjedni\u0161tva \u017dO, Hevre Kadi\u0161e i Trgova\u010dko-obrtni\u010dke komore u Osijeku. \u2212 Brat<span class=\"Italic\"> Leopold,<\/span> \u017eid. aktivist i trgovac (Bonyh\u00e1d, Ma\u0111arska, o. 1843 \u2212 Osijek, 3. I. 1906). U braku s Helenom ro\u0111. Schwartz (Segedin, Ma\u0111arska, 1850 \u2212 ?) imao je petero djece:  Sigmund (?, 1873 \u2212 ?), Ernestina (?, 1877 \u2212 ?), Adele (Osijek, 1879 \u2212 ?), Wilma (Osijek, 1884 \u2212 ?), Gustav (Osijek, 1887 \u2013 ?). Krajem XIX. st. bio je \u010dlan predsjedni\u0161tva \u017dO u Osijeku.<\/p>\n<p class=\"Literatura\"><span class=\"SMALL-CAPS\">IZV.:<\/span> JIM. \u2013 Nadgrobni spomenik na \u017didovskom groblju u Osijeku. \u2013 \u017dOO, Izvje\u0161taj Predsjedni\u0161tva \u017dBO u Osijeku za godine 1897, 1898. i 1899.<\/p>\n<p class=\"Literatura\"><span class=\"SMALL-CAPS\">LIT.:<\/span> Lj. Dobrov\u0161ak: <span class=\"Italic\">\u017didovi u Osijeku od doseljavanja do kraja Prvoga svjetskog rata. <\/span>Osijek 2013.<\/p>\n","protected":false},"excerpt":{"rendered":"<p>BERGER, Jonas, \u017eid. aktivist i trgovac (Zmajevac, 12. X. 1847 \u2013 Osijek, 7. VIII. 1922). U braku s Herminom ro\u0111. Rosenbaum (Kaposv\u00e1r, Ma\u0111arska, 1861 \u2212 Osijek, 1937) otac sedmoro djece. Zavi\u010dajnost je stekao u Osijeku 1886. Trgovac vinom i rakijom, vlasnik poduze\u0107a \u00bbJ. Berger i sin\u00ab. Krajem XIX. st. bio je \u010dlan predsjedni\u0161tva \u017dO, Hevre &hellip; <a href=\"https:\/\/zbl.lzmk.hr\/?p=1581\" class=\"more-link\">Nastavi \u010ditati<span class=\"screen-reader-text\"> &#8220;BERGER, Jonas&#8221;<\/span><\/a><\/p>\n","protected":false},"author":2,"featured_media":0,"comment_status":"closed","ping_status":"open","sticky":false,"template":"","format":"standard","meta":{"footnotes":""},"categories":[2],"tags":[],"class_list":["post-1581","post","type-post","status-publish","format-standard","hentry","category-2"],"_links":{"self":[{"href":"https:\/\/zbl.lzmk.hr\/index.php?rest_route=\/wp\/v2\/posts\/1581"}],"collection":[{"href":"https:\/\/zbl.lzmk.hr\/index.php?rest_route=\/wp\/v2\/posts"}],"about":[{"href":"https:\/\/zbl.lzmk.hr\/index.php?rest_route=\/wp\/v2\/types\/post"}],"author":[{"embeddable":true,"href":"https:\/\/zbl.lzmk.hr\/index.php?rest_route=\/wp\/v2\/users\/2"}],"replies":[{"embeddable":true,"href":"https:\/\/zbl.lzmk.hr\/index.php?rest_route=%2Fwp%2Fv2%2Fcomments&post=1581"}],"version-history":[{"count":0,"href":"https:\/\/zbl.lzmk.hr\/index.php?rest_route=\/wp\/v2\/posts\/1581\/revisions"}],"wp:attachment":[{"href":"https:\/\/zbl.lzmk.hr\/index.php?rest_route=%2Fwp%2Fv2%2Fmedia&parent=1581"}],"wp:term":[{"taxonomy":"category","embeddable":true,"href":"https:\/\/zbl.lzmk.hr\/index.php?rest_route=%2Fwp%2Fv2%2Fcategories&post=1581"},{"taxonomy":"post_tag","embeddable":true,"href":"https:\/\/zbl.lzmk.hr\/index.php?rest_route=%2Fwp%2Fv2%2Ftags&post=1581"}],"curies":[{"name":"wp","href":"https:\/\/api.w.org\/{rel}","templated":true}]}}